{"id":15063,"date":"2021-06-05T06:52:18","date_gmt":"2021-06-05T04:52:18","guid":{"rendered":"http:\/\/smaria.salou.arqtgn.cat\/?p=15063"},"modified":"2023-06-09T10:17:06","modified_gmt":"2023-06-09T08:17:06","slug":"corpus-christi-b-2021","status":"publish","type":"post","link":"https:\/\/smaria.salou.arqtgn.cat\/es\/corpus-christi-b-2021\/","title":{"rendered":"CORPUS CHRISTI \/ B \/ 2021"},"content":{"rendered":"<table style=\"height: 99px; width: 97.3345%;\">\n<tbody>\n<tr style=\"height: 256px;\">\n<td style=\"height: 99px; width: 42.9098%;\"><a href=\"https:\/\/www.lecturesmissa.arquebisbattarragona.cat\/1649\/CORPUS-CHRISTI-B?lang=es\" target=\"_blank\" rel=\"noopener\"><br \/>\n<img loading=\"lazy\" decoding=\"async\" class=\"aligncenter wp-image-15024\" src=\"http:\/\/smaria.salou.arqtgn.cat\/wp-content\/uploads\/sites\/10\/2021\/06\/primera-comunion-4-271x300.jpg\" alt=\"\" width=\"195\" height=\"245\" \/><\/a><\/td>\n<td style=\"height: 99px; width: 56.8154%; text-align: center;\"><a href=\"http:\/\/hemeroteca.arqtgn.cat\/bitstream\/123456789\/12794\/1\/fd3717.pdf\" target=\"_blank\" rel=\"noopener noreferrer\"><img loading=\"lazy\" decoding=\"async\" class=\"aligncenter wp-image-14542 size-full\" src=\"http:\/\/smaria.salou.arqtgn.cat\/wp-content\/uploads\/sites\/10\/2021\/01\/full_es.jpg\" alt=\"\" width=\"400\" height=\"235\" srcset=\"https:\/\/smaria.salou.arqtgn.cat\/wp-content\/uploads\/sites\/10\/2021\/01\/full_es.jpg 400w, https:\/\/smaria.salou.arqtgn.cat\/wp-content\/uploads\/sites\/10\/2021\/01\/full_es-300x176.jpg 300w\" sizes=\"auto, (max-width: 400px) 100vw, 400px\" \/><\/a><\/td>\n<\/tr>\n<\/tbody>\n<\/table>\n<p>[youtube https:\/\/www.youtube.com\/watch?v=f-Okb1QjcIw]<\/p>\n<p>&nbsp;<\/p>\n<p>[youtube https:\/\/www.youtube.com\/watch?v=Q_iqn7N2bYw]<\/p>\n<p>&nbsp;<\/p>\n<h3><span style=\"color: #ff9900;\">Lectura espiritual<\/span><\/h3>\n<p><strong>11. EL VIENTO<br \/>\n<\/strong><strong>Retirarse es lo primero<\/strong><\/p>\n<p style=\"text-align: justify;\"><em>Por entonces se present\u00f3 Juan el Bautista en el desierto de Judea proclamando. \u2026 \u00bfQU\u00c9 SALISTEIS A CONTEMPLAR EN EL DESIERTO?, \u00bfUNA CA\u00d1A SACUDIDA POR EL VIENTO? Qu\u00e9 salisteis a ver?, \u00bfun hombre elegantemente vestido? Mirad, los que visten elegantemente habitan en los palacios reales. Entonces \u00bfqu\u00e9 salisteis a ver, \u00bfun profeta? (Mt 3, 1; 8-9)<\/em><\/p>\n<p style=\"text-align: justify;\"><em>&#8212;&#8212;&#8212;&#8212;&#8212;&#8212;&#8212;&#8212;-<\/em><\/p>\n<p style=\"text-align: justify;\">Una luz siempre es anunciada y preparada por otra luz. Nunca hay Jes\u00fas sin Juan: no hay iluminaci\u00f3n sin preparaci\u00f3n.<\/p>\n<p style=\"text-align: justify;\">Juan el Bautista fue un hombre que, harto del mundo y de sus falsas promesas, eligi\u00f3 un estilo de vida alternativo. Tambi\u00e9n dentro de nosotros hay un personaje l\u00facido que no ha envejecido y que sigue creyendo en los milagros. Si preparamos nuestro coraz\u00f3n y afinamos nuestro o\u00eddo espiritual, podremos escuchar a este Juan interior.<\/p>\n<p style=\"text-align: justify;\">Pero no resulta f\u00e1cil, puesto que en nuestros adentros reinan tambi\u00e9n otras fuerzas que no quieren que ese Juan nazca. En nuestra mente todo es tan turbio, banal, incluso truculento que\u00a0 a menudo procuramos evitarlo mirando hacia fuera, escap\u00e1ndonos de nosotros mismos.<\/p>\n<p style=\"text-align: justify;\">&#8212;&#8212;&#8212;&#8212;&#8212;&#8212;&#8212;&#8212;-<\/p>\n<p style=\"text-align: justify;\">\u00bfTe has quedado vac\u00edo?, \u00bfhas entrado en el desierto sin saber como?, \u00bfte has dado de bruces con tu soledad? Nada hay grande en este mundo que no haya nacido de la soledad. Es ah\u00ed donde empieza todo lo bueno, pues s\u00f3lo ah\u00ed puedes escuchar la voz de tu profeta interior, que te dice que las cosas son hermosas, aunque ya no lo creas.<\/p>\n<p style=\"text-align: justify;\">Juan es la m\u00fasica que nos dice que Dios existe. Que existen la Belleza y la Bondad. Es a Juan a quien escuchan los creyentes cuando se encierran a solas en una habitaci\u00f3n para orar. Siempre hay un bautismo antes de una iluminaci\u00f3n.<\/p>\n<p style=\"text-align: justify;\">El retiro es la necesidad fundamental del hombre contempor\u00e1neo, el primer paso de toda vida espiritual. Es preciso aparatarse y tomar distancia para ver desde lejos y darnos cuenta de las muchas tonter\u00edas con las que nos hemos ido dejando enredar. El arte de estar juntos implica -lo queramos o no- una cierta armon\u00eda entre distancia y proximidad.<\/p>\n<p style=\"text-align: justify;\">&#8212;&#8212;&#8212;&#8212;&#8212;&#8212;&#8212;&#8212;-<\/p>\n<p style=\"text-align: justify;\">Nuestro Juan interior nos pregunta: \u00bfQu\u00e9 fuiste a ver al desierto? \u00bfQu\u00e9 pretendes encontrar aqu\u00ed? \u00bfImaginabas que ser\u00eda bonito, agradable, que habr\u00eda fuegos artificiales por las noches? Has venido a mirarte por dentro, no a entretenernos con lo de fuera. El desierto es un lugar con polvo en el que reina un fr\u00edo glacial por la noche y un sol abrasador por el d\u00eda. Es un sitio inh\u00f3spito y est\u00e1 bien que lo sea.<\/p>\n<p style=\"text-align: justify;\">Solemos resistirnos a la austeridad. Una vida plena o realizada para el mundo no es lo mismo, ciertamente, que una vida plena o realizada seg\u00fan el esp\u00edritu. Aceptar esta ant\u00edtesis es nuestra principal resistencia. Nuestro sue\u00f1o es las Vegas: un desierto domesticado.<\/p>\n<p style=\"text-align: justify;\">&#8212;&#8212;&#8212;&#8212;&#8212;&#8212;&#8212;&#8212;&#8211;<\/p>\n<p style=\"text-align: justify;\">\u00bfA qu\u00e9 viene tanta resistencia? Intuimos que en el desierto nos encontraremos con un gran vac\u00edo. Lo que tememos en el desierto es escuchar la voz que grita en nuestras conciencias.<\/p>\n<p style=\"text-align: justify;\">El desierto es un lugar de paso. Vienes de un territorio abundante y confortable que embota los sentidos y endurece el coraz\u00f3n. Vas a un sitio verdadero, vivo, gracias al peso que te quitas de encima.<\/p>\n<p style=\"text-align: justify;\">En el desierto te acechar\u00e1 la desilusi\u00f3n, la sospecha de haberte equivocado. Al desierto vamos para encontrarnos con Dios, un Dios que no encontraremos jam\u00e1s (al menos el que nosotros buscamos). \u00c9l es el invisible, inaprensible, inefable. Lo m\u00e1s que podemos encontrar en el desierto es una brisa que nos recuerda y que nos trae la nostalgia que tenemos de \u00c9l. Lo que encontramos en el desierto es que somos una ca\u00f1a agitada por el viento.<\/p>\n<p style=\"text-align: justify;\">&#8212;&#8212;&#8212;&#8212;&#8212;&#8212;&#8212;&#8211;<\/p>\n<p style=\"text-align: justify;\">\u00bfQu\u00e9 es una ca\u00f1a? Un envoltorio fr\u00e1gil dentro del que no hay nada, s\u00f3lo vac\u00edo. Ser ca\u00f1a es el \u00fanico modo de sentir el vac\u00edo, de saberse vac\u00edo. De ser vac\u00edo en el que pueda sonar la m\u00fasica del esp\u00edritu.<\/p>\n<p style=\"text-align: justify;\">El desierto no ofrece f\u00f3rmulas m\u00e1gicas para los males que nos afligen. En el desierto no se encuentran estrategias concretas para conseguir lo que tanto deseamos. Al desierto se acude precisamente para separarse de las palabras y aparcar los trabajos, para alejarse del rendimiento y de la productividad. Ah\u00ed no hay nada que hacer, s\u00f3lo ser.<\/p>\n<p style=\"text-align: justify;\">Es el desierto mismo el que va haciendo en nosotros el trabajo propio de este lugar, casi siempre por medio del viento, que nos lo va arrancando todo. En el desierto, el viento se cuela en la ca\u00f1a que somos hasta que, de pronto, saca de ella una melod\u00eda. Son melod\u00edas que casi nadie escucha, puesto que solo suenan en lo m\u00e1s profundo. Pero suenan.<\/p>\n<p style=\"text-align: justify;\">Nunca podr\u00e1s saber de d\u00f3nde viene el viento o ad\u00f3nde va, que va a hacer contigo, ad\u00f3nde te conducir\u00e1\u2026 A Dios no hay manera de verle; pero hay algo en el viento que despierta en el hombre el recuerdo de Dios.<\/p>\n<p style=\"text-align: right;\"><em>(Inspirado en el libro: Biograf\u00eda de la luz, De Pablo d\u2019Ors)<\/em><\/p>\n","protected":false},"excerpt":{"rendered":"<p>[youtube https:\/\/www.youtube.com\/watch?v=f-Okb1QjcIw] &nbsp; [youtube https:\/\/www.youtube.com\/watch?v=Q_iqn7N2bYw] &nbsp; Lectura espiritual 11. EL VIENTO Retirarse es lo primero Por entonces se present\u00f3 Juan el Bautista en el desierto de Judea proclamando. \u2026 \u00bfQU\u00c9 SALISTEIS A CONTEMPLAR EN EL DESIERTO?, \u00bfUNA CA\u00d1A SACUDIDA POR EL VIENTO? Qu\u00e9 salisteis a ver?, \u00bfun hombre elegantemente vestido? Mirad, los que visten elegantemente &hellip; <\/p>\n<p><a class=\"more-link btn\" href=\"https:\/\/smaria.salou.arqtgn.cat\/es\/corpus-christi-b-2021\/\">Seguir leyendo<\/a><\/p>\n","protected":false},"author":11,"featured_media":0,"comment_status":"closed","ping_status":"closed","sticky":false,"template":"","format":"standard","meta":{"footnotes":""},"categories":[52,49],"tags":[],"class_list":["post-15063","post","type-post","status-publish","format-standard","hentry","category-para-reflexionar","category-preparando-el-domingo","item-wrap"],"amp_enabled":true,"_links":{"self":[{"href":"https:\/\/smaria.salou.arqtgn.cat\/es\/wp-json\/wp\/v2\/posts\/15063","targetHints":{"allow":["GET"]}}],"collection":[{"href":"https:\/\/smaria.salou.arqtgn.cat\/es\/wp-json\/wp\/v2\/posts"}],"about":[{"href":"https:\/\/smaria.salou.arqtgn.cat\/es\/wp-json\/wp\/v2\/types\/post"}],"author":[{"embeddable":true,"href":"https:\/\/smaria.salou.arqtgn.cat\/es\/wp-json\/wp\/v2\/users\/11"}],"replies":[{"embeddable":true,"href":"https:\/\/smaria.salou.arqtgn.cat\/es\/wp-json\/wp\/v2\/comments?post=15063"}],"version-history":[{"count":3,"href":"https:\/\/smaria.salou.arqtgn.cat\/es\/wp-json\/wp\/v2\/posts\/15063\/revisions"}],"predecessor-version":[{"id":20299,"href":"https:\/\/smaria.salou.arqtgn.cat\/es\/wp-json\/wp\/v2\/posts\/15063\/revisions\/20299"}],"wp:attachment":[{"href":"https:\/\/smaria.salou.arqtgn.cat\/es\/wp-json\/wp\/v2\/media?parent=15063"}],"wp:term":[{"taxonomy":"category","embeddable":true,"href":"https:\/\/smaria.salou.arqtgn.cat\/es\/wp-json\/wp\/v2\/categories?post=15063"},{"taxonomy":"post_tag","embeddable":true,"href":"https:\/\/smaria.salou.arqtgn.cat\/es\/wp-json\/wp\/v2\/tags?post=15063"}],"curies":[{"name":"wp","href":"https:\/\/api.w.org\/{rel}","templated":true}]}}