{"id":14930,"date":"2021-04-23T12:42:28","date_gmt":"2021-04-23T10:42:28","guid":{"rendered":"http:\/\/smaria.salou.arqtgn.cat\/?p=14930"},"modified":"2021-04-23T12:43:57","modified_gmt":"2021-04-23T10:43:57","slug":"iv-domingo-de-pasqua-b-2021","status":"publish","type":"post","link":"https:\/\/smaria.salou.arqtgn.cat\/es\/iv-domingo-de-pasqua-b-2021\/","title":{"rendered":"IV Domingo de PASQUA \/ B \/ 2021"},"content":{"rendered":"<table style=\"height: 99px;width: 97.3345%\">\n<tbody>\n<tr style=\"height: 256px\">\n<td style=\"height: 99px;width: 42.9098%\">\n<p><div id=\"attachment_14535\" style=\"width: 271px\" class=\"wp-caption aligncenter\"><a href=\"https:\/\/www.lecturesmissa.arquebisbattarragona.cat\/1642\/DIUMENGE-IV-DE-PASQUA-B?lang=es\" target=\"_blank\" rel=\"noopener\"><img loading=\"lazy\" decoding=\"async\" aria-describedby=\"caption-attachment-14535\" class=\"wp-image-14535\" src=\"https:\/\/facundolopezsanjuan.files.wordpress.com\/2009\/05\/buen-pastor.jpg\" alt=\"\" width=\"271\" height=\"340\" \/><\/a><p id=\"caption-attachment-14535\" class=\"wp-caption-text\">Leer la Palabra de Dios<\/p><\/div><\/td>\n<td style=\"height: 99px;width: 56.8154%;text-align: center\">\n<p><div id=\"attachment_14542\" style=\"width: 400px\" class=\"wp-caption aligncenter\"><a href=\"http:\/\/www.esglesiadetarragona.cat\/wp-content\/uploads\/2021\/04\/hd3711.pdf\" target=\"_blank\" rel=\"noopener noreferrer\"><img loading=\"lazy\" decoding=\"async\" aria-describedby=\"caption-attachment-14542\" class=\"wp-image-14542 size-full\" src=\"http:\/\/smaria.salou.arqtgn.cat\/wp-content\/uploads\/sites\/10\/2021\/01\/full_es.jpg\" alt=\"\" width=\"400\" height=\"235\" srcset=\"https:\/\/smaria.salou.arqtgn.cat\/wp-content\/uploads\/sites\/10\/2021\/01\/full_es.jpg 400w, https:\/\/smaria.salou.arqtgn.cat\/wp-content\/uploads\/sites\/10\/2021\/01\/full_es-300x176.jpg 300w\" sizes=\"auto, (max-width: 400px) 100vw, 400px\" \/><\/a><p id=\"caption-attachment-14542\" class=\"wp-caption-text\">Leer la Hoja Dominical<\/p><\/div><\/td>\n<\/tr>\n<\/tbody>\n<\/table>\n<p>[youtube https:\/\/www.youtube.com\/watch?v=XF1mOAtxIW0]<\/p>\n<p>&nbsp;<\/p>\n<p>[youtube https:\/\/www.youtube.com\/watch?v=guF_qG6p3zs]<\/p>\n<p>&nbsp;<\/p>\n<h3><span style=\"color: #ff9900\">Lectura espiritual<\/span><\/h3>\n<p><strong> 5. EL NI\u00d1O<br \/>\n<\/strong><strong>El nacimiento del Esp\u00edritu<\/strong><\/p>\n<p style=\"text-align: justify\"><em>Estando ellos all\u00ed (en Bel\u00e9n), le lleg\u00f3 la hora del parto y dio a luz a su hijo primog\u00e9nito. Lo envolvi\u00f3 en pa\u00f1ales y lo acost\u00f3 en un pesebre, porque NO HAB\u00cdAN ENCONTRADO SITIO EN LA POSADA. (Lc 2,6-7)<\/em><\/p>\n<p style=\"text-align: justify\">Todos preferimos alojarnos en un gran hotel, antes que en una gruta desolada y fr\u00eda. Toda b\u00fasqueda espiritual comporta incomprensi\u00f3n y hasta rechazo.<\/p>\n<p style=\"text-align: justify\">Una persona aut\u00e9ntica es siempre una amenaza, una <em>rara avis<\/em> a la que se podr\u00e1 admirar o rechazar, pero a la que inevitablemente se se\u00f1alar\u00e1 y se mantendr\u00e1 aparte, no vaya a ser que haya otros que se contagien y quieran imitarle.<\/p>\n<p style=\"text-align: justify\">&#8212;&#8212;&#8212;&#8212;&#8212;&#8212;&#8212;<\/p>\n<p style=\"text-align: justify\">El mundo suele estar en asuntos \u201cdemasiado importantes\u201d. Las puertas siempre se cerrar\u00e1n al nacimiento del esp\u00edritu. Presionados por nuestras supuestas e incontables \u201cobligaciones\u201d, aseguramos no tener posada ni para nosotros mismos.<\/p>\n<p style=\"text-align: justify\">&#8212;&#8212;&#8212;&#8212;&#8212;&#8212;-<\/p>\n<p style=\"text-align: justify\">Mar\u00eda y Jos\u00e9 emprendieron un viaje muy largo. La \u00fanica explicaci\u00f3n posible a este acto temerario es que su confianza en Dios era absoluta. El lugar es una cueva muy oscura, solo tenuemente iluminada por las estrellas. No est\u00e1n solos del todo en medio de aquella tiniebla. Junto a ellos est\u00e1n la mula y el buey.<\/p>\n<p style=\"text-align: justify\">&#8212;&#8212;&#8212;&#8212;&#8212;&#8211;<\/p>\n<p style=\"text-align: justify\">La oscuridad que encontramos en nuestra mente cuando nos sentamos en silencio a meditar (a contemplar) es muy parecido al que reina en esa cueva de Bel\u00e9n. Es m\u00e1s bien una oscuridad en la que hay algo que respira. Eres t\u00fa mismo, por supuesto: el animal que hay en la vida org\u00e1nica, lo m\u00e1s instintivo o primordial, lo que sostiene todo lo dem\u00e1s.<\/p>\n<p style=\"text-align: justify\">Reconocerse en la mula y en el buey, comprender que en el fondo somos muy parecidos a ellos en nuestra b\u00fasqueda de calor y de seguridad\u2026, todo eso es ya, ciertamente, un gran logro. El animal que llevamos dentro es lo primero con lo que conviene familiarizarse para emprender el camino espiritual.<\/p>\n<p style=\"text-align: justify\">Si no se entra por el cuerpo, no se va a ninguna parte. Primero vienen los animales, solo luego los pastores y, por \u00faltimo, al final de todo, los grandes sabios.<\/p>\n<p style=\"text-align: justify\">&#8212;&#8212;&#8212;&#8212;&#8212;&#8211;<\/p>\n<p style=\"text-align: justify\">Todos llevamos una Virgen dentro: un territorio interior en el que todav\u00eda y casi inexplicablemente pervive la inocencia. Este punto virgen siempre est\u00e1 pre\u00f1ado, es decir, en proceso de gestaci\u00f3n, prepar\u00e1ndose para alumbrar. Nuestro ser originario est\u00e1 destinado a ser el escenario de un nacimiento y de una plenitud. Lo puro. Lo oculto e invisible, es fecundo, \u00e9se es el mensaje.<\/p>\n<p style=\"text-align: justify\">Vaciamiento y alumbramiento, virginidad y maternidad, pobreza y belleza\u2026: el cristianismo se articula en estos y otros tantos binomios parad\u00f3jicos.<\/p>\n<p style=\"text-align: justify\">De Mar\u00eda se espera que acoja esta ins\u00f3lita noticia y que, sin m\u00e1s, la \u201cincorpore\u201d a su vida, \u00e9ste es aqu\u00ed el verbo justo: \u201csu cuerpo empez\u00f3 a sufrir transformaciones, hab\u00eda quedado encinta.<\/p>\n<p style=\"text-align: justify\">&#8212;&#8212;&#8212;&#8212;&#8212;-<\/p>\n<p style=\"text-align: justify\">El dilema de Jos\u00e9 fue la propia Mar\u00eda: un misterio que no entend\u00eda y que aprendi\u00f3 a contemplar. Es \u201ctestigo\u201d, como nosotros. Tuvo que fiarse para que naciera el ni\u00f1o, nuestro maestro.<\/p>\n<p style=\"text-align: justify\">&#8212;&#8212;&#8212;&#8212;&#8212;&#8212;<\/p>\n<p style=\"text-align: justify\">De modo que lo espiritual (el Ni\u00f1o) es el inesperado fruto de un trabajo contemplativo con el cuerpo (Mar\u00eda) y de un trabajo contemplativo con la mente (Jos\u00e9). La sagrada familia es nuestra permanente aventura interior: Mar\u00eda, la creaci\u00f3n; Jos\u00e9, la consciencia; el ni\u00f1o, el fruto, la luz. Del encuentro entre cuerpo y mente nace el esp\u00edritu. El esp\u00edritu es como el ni\u00f1o, un torrente de vida impredecible.<\/p>\n<p style=\"text-align: justify\">&#8212;&#8212;&#8212;&#8212;&#8212;&#8212;<\/p>\n<p style=\"text-align: justify\">Mientras tanto ha empezado a brillar una estrella. Todo lo que nos pasa por dentro, por oculto o modesto que parezca, tiene una repercusi\u00f3n universal. Este es el sentido del alumbramiento de nuestro ni\u00f1o interior: colaborar a la iluminaci\u00f3n general.<\/p>\n<p>&nbsp;<\/p>\n<p style=\"text-align: right\"><em>(Inspirado en el libro: Biograf\u00eda de la luz, De Pablo d\u2019Ors)<\/em><\/p>\n","protected":false},"excerpt":{"rendered":"<p>[youtube https:\/\/www.youtube.com\/watch?v=XF1mOAtxIW0] &nbsp; [youtube https:\/\/www.youtube.com\/watch?v=guF_qG6p3zs] &nbsp; Lectura espiritual 5. EL NI\u00d1O El nacimiento del Esp\u00edritu Estando ellos all\u00ed (en Bel\u00e9n), le lleg\u00f3 la hora del parto y dio a luz a su hijo primog\u00e9nito. Lo envolvi\u00f3 en pa\u00f1ales y lo acost\u00f3 en un pesebre, porque NO HAB\u00cdAN ENCONTRADO SITIO EN LA POSADA. (Lc 2,6-7) Todos &hellip; <\/p>\n<p><a class=\"more-link btn\" href=\"https:\/\/smaria.salou.arqtgn.cat\/es\/iv-domingo-de-pasqua-b-2021\/\">Seguir leyendo<\/a><\/p>\n","protected":false},"author":11,"featured_media":0,"comment_status":"closed","ping_status":"closed","sticky":false,"template":"","format":"standard","meta":{"footnotes":""},"categories":[52,49],"tags":[],"class_list":["post-14930","post","type-post","status-publish","format-standard","hentry","category-para-reflexionar","category-preparando-el-domingo","item-wrap"],"amp_enabled":true,"_links":{"self":[{"href":"https:\/\/smaria.salou.arqtgn.cat\/es\/wp-json\/wp\/v2\/posts\/14930","targetHints":{"allow":["GET"]}}],"collection":[{"href":"https:\/\/smaria.salou.arqtgn.cat\/es\/wp-json\/wp\/v2\/posts"}],"about":[{"href":"https:\/\/smaria.salou.arqtgn.cat\/es\/wp-json\/wp\/v2\/types\/post"}],"author":[{"embeddable":true,"href":"https:\/\/smaria.salou.arqtgn.cat\/es\/wp-json\/wp\/v2\/users\/11"}],"replies":[{"embeddable":true,"href":"https:\/\/smaria.salou.arqtgn.cat\/es\/wp-json\/wp\/v2\/comments?post=14930"}],"version-history":[{"count":4,"href":"https:\/\/smaria.salou.arqtgn.cat\/es\/wp-json\/wp\/v2\/posts\/14930\/revisions"}],"predecessor-version":[{"id":14934,"href":"https:\/\/smaria.salou.arqtgn.cat\/es\/wp-json\/wp\/v2\/posts\/14930\/revisions\/14934"}],"wp:attachment":[{"href":"https:\/\/smaria.salou.arqtgn.cat\/es\/wp-json\/wp\/v2\/media?parent=14930"}],"wp:term":[{"taxonomy":"category","embeddable":true,"href":"https:\/\/smaria.salou.arqtgn.cat\/es\/wp-json\/wp\/v2\/categories?post=14930"},{"taxonomy":"post_tag","embeddable":true,"href":"https:\/\/smaria.salou.arqtgn.cat\/es\/wp-json\/wp\/v2\/tags?post=14930"}],"curies":[{"name":"wp","href":"https:\/\/api.w.org\/{rel}","templated":true}]}}