{"id":14887,"date":"2021-04-16T17:10:26","date_gmt":"2021-04-16T15:10:26","guid":{"rendered":"http:\/\/smaria.salou.arqtgn.cat\/?p=14887"},"modified":"2021-04-16T17:13:38","modified_gmt":"2021-04-16T15:13:38","slug":"iii-domingo-de-pascua-b-2021","status":"publish","type":"post","link":"https:\/\/smaria.salou.arqtgn.cat\/es\/iii-domingo-de-pascua-b-2021\/","title":{"rendered":"III Domingo de PASCUA \/ B \/ 2021"},"content":{"rendered":"<table style=\"height: 99px;width: 97.3345%\">\n<tbody>\n<tr style=\"height: 256px\">\n<td style=\"height: 99px;width: 42.9098%\">\n<p><div id=\"attachment_14535\" style=\"width: 286px\" class=\"wp-caption aligncenter\"><a href=\"https:\/\/www.lecturesmissa.arquebisbattarragona.cat\/1644\/DIUMENGE-III-DE-PASQUA-B?lang=es\" target=\"_blank\" rel=\"noopener\"><img loading=\"lazy\" decoding=\"async\" aria-describedby=\"caption-attachment-14535\" class=\"wp-image-14535\" src=\"https:\/\/brujuladelcristiano.files.wordpress.com\/2018\/06\/kiko-aparicion-resucitado2.jpg\" alt=\"\" width=\"286\" height=\"197\" \/><\/a><p id=\"caption-attachment-14535\" class=\"wp-caption-text\">Llegir la Paraula de D\u00e9u<\/p><\/div><\/td>\n<td style=\"height: 99px;width: 56.8154%;text-align: center\">\n<p><div id=\"attachment_14542\" style=\"width: 400px\" class=\"wp-caption aligncenter\"><a href=\"http:\/\/www.esglesiadetarragona.cat\/wp-content\/uploads\/2021\/04\/hd3710.pdf\" target=\"_blank\" rel=\"noopener noreferrer\"><img loading=\"lazy\" decoding=\"async\" aria-describedby=\"caption-attachment-14542\" class=\"wp-image-14542 size-full\" src=\"http:\/\/smaria.salou.arqtgn.cat\/wp-content\/uploads\/sites\/10\/2021\/01\/full_es.jpg\" alt=\"\" width=\"400\" height=\"235\" srcset=\"https:\/\/smaria.salou.arqtgn.cat\/wp-content\/uploads\/sites\/10\/2021\/01\/full_es.jpg 400w, https:\/\/smaria.salou.arqtgn.cat\/wp-content\/uploads\/sites\/10\/2021\/01\/full_es-300x176.jpg 300w\" sizes=\"auto, (max-width: 400px) 100vw, 400px\" \/><\/a><p id=\"caption-attachment-14542\" class=\"wp-caption-text\">Leer la Hoja Dominical<\/p><\/div><\/td>\n<\/tr>\n<\/tbody>\n<\/table>\n<p>[youtube https:\/\/www.youtube.com\/watch?v=jm-qUvQqfQU]<\/p>\n<p>&nbsp;<\/p>\n<p>[youtube https:\/\/www.youtube.com\/watch?v=5JqDApWsdG8]<\/p>\n<p>&nbsp;<\/p>\n<h3><span style=\"color: #ff9900\">Lectura espiritual<\/span><\/h3>\n<p><strong> 4. LA MADRE<br \/>\n<\/strong><strong>Viajar para encontrar espejos<\/strong><\/p>\n<p style=\"text-align: justify\"><em>Entonces Mar\u00eda se levant\u00f3 y se dirigi\u00f3 apresuradamente a la serran\u00eda, a un pueblo de Judea. Entr\u00f3 en casa de Zacar\u00edas y salud\u00f3 a Isabel. Cuando Isabel oy\u00f3 el saludo de Mar\u00eda, la criatura dio un salto en su vientre. Isabel, llena del Esp\u00edritu Santo, exclam\u00f3 con voz fuerte: \u00a1Bendita t\u00fa entre las mujeres y bendito el fruto de tu vientre! \u00bfQui\u00e9n soy yo para que me visite la madre de mi Se\u00f1or? Mira, en cuanto tu saludo lleg\u00f3 a mis o\u00eddos, la criatura dio un salto de gozo en mi vientre. Dichosa t\u00fa que cre\u00edste, porque se cumplir\u00e1 lo que el Se\u00f1or te anunci\u00f3. (Lc 1,39-45)<\/em><\/p>\n<p style=\"text-align: justify\">En cuanto sabe que tambi\u00e9n su prima espera un hijo, Mar\u00eda corre a visitarla: necesita un espejo en el que reflejarse, un igual con quien dialogar para comprenderse.<\/p>\n<p style=\"text-align: justify\">Todos viajamos para encontrar espejos que nos ayuden a entender quienes somos.<\/p>\n<p style=\"text-align: justify\">Buscamos lo familiar en lo desconocido, mucho m\u00e1s que lo desconocido en lo familiar. Esta segunda b\u00fasqueda, la de lo extraordinario en lo ordinario, es propia de la madurez<\/p>\n<p style=\"text-align: justify\">&#8212;&#8212;&#8212;&#8212;&#8212;&#8212;&#8212;&#8212;<\/p>\n<p style=\"text-align: justify\">Felices en su encuentro, ignorantes del dram\u00e1tico destino que se cierne sobre sus hijos; piensan que, por pura gracia habr\u00e1n servido a una buena causa. Saben que est\u00e1n habitadas, est\u00e1n iluminadas y que van a ser -ya lo son- fuente de luz.<\/p>\n<p style=\"text-align: justify\">Su alegr\u00eda es tal que no piensan en nada ajeno a esa alegr\u00eda de la que disfrutan. As\u00ed es la verdadera alegr\u00eda: no piensa en el ma\u00f1ana.<\/p>\n<p style=\"text-align: justify\">&#8212;&#8212;&#8212;&#8212;&#8212;&#8212;&#8212;&#8211;<\/p>\n<p style=\"text-align: justify\"><em>\u00bfQui\u00e9n soy yo para que me visite la madre de mi Se\u00f1or? <\/em>Es siempre la dimensi\u00f3n m\u00e1s \u00edntima, tambi\u00e9n la m\u00e1s an\u00f3nima y fecunda, la que posibilita la verdadera comuni\u00f3n entre las personas.\u00a0 Se ha conmovido el cuerpo (de Isabel) antes de que hayan podido llegar las palabras, que solo sellan lo que el cuerpo ya sabe.<\/p>\n<p style=\"text-align: justify\">Las palabras que no nos mueven tienen el aspecto de palabras, pero en realidad no lo son. Todos estar\u00edamos bien vivos y despiertos si oy\u00e9ramos palabras como las de esta escena, conocida proverbialmente como la Visitaci\u00f3n. Pero hay que estar pre\u00f1ado para escucharlas. Hay que estar gestando la luz.<\/p>\n<p style=\"text-align: justify\">&#8212;&#8212;&#8212;&#8212;&#8212;&#8212;&#8212;&#8211;<\/p>\n<p style=\"text-align: justify\">Para que cualquiera de nuestros encuentros fuera tan pleno como \u00e9ste entre Mar\u00eda e Isabel, todos deber\u00edamos acoger antes a nuestro \u00e1ngel, consentir un proceso de gestaci\u00f3n y acallar en lo posible el incansable reclamo de la autoafirmaci\u00f3n.<\/p>\n<p style=\"text-align: justify\">No e extra\u00f1o que experimentemos un profundo desnivel entre lo que sentimos y sabemos y aquello que saben y sienten quienes nos rodean.<\/p>\n<p style=\"text-align: justify\">Esta falta de sinton\u00eda no es porque no lo entiendan, como solemos decir, sino m\u00e1s bien porque temen perdernos. Porque saben que esa misma llamada tambi\u00e9n podr\u00edan escucharla ellos, aunque bajo ning\u00fan concepto est\u00e9n dispuestos a responder. La iluminaci\u00f3n, aunque sea modesta, comporta por fuerza una buena dosis de soledad.<\/p>\n<p style=\"text-align: justify\">&#8212;&#8212;&#8212;&#8212;&#8212;&#8212;&#8212;&#8212;<\/p>\n<p style=\"text-align: justify\">Como tantos otros, este fragmento evang\u00e9lico es una lecci\u00f3n sobre el arte de meditar (de contemplar).<\/p>\n<ul style=\"text-align: justify\">\n<li>Lo primero que hay que tener en cuenta es que Mar\u00eda se puso en camino: levantarse, buscar, iniciar la macha\u2026<\/li>\n<li>Lo segundo: las revelaciones b\u00edblicas siempre se producen en una monta\u00f1a: lejos de mundano, lo espiritual se hace m\u00e1s audible.<\/li>\n<li>Y tercero: Mar\u00eda salud\u00f3 a Isabel. El encuentro con Dios nos viene siempre mediado por alguien. La din\u00e1mica espiritual funciona por trasmisi\u00f3n.<\/li>\n<\/ul>\n<p style=\"text-align: justify\">Juan i Jes\u00fas entran en contacto antes de nacer: nuestra historia ha empezado a escribirse mucho antes de que nosotros lleg\u00e1ramos a este mundo.<\/p>\n<p>&nbsp;<\/p>\n<p style=\"text-align: right\"><em>(Inspirado en el libro: Biograf\u00eda de la luz, De Pablo d\u2019Ors)<\/em><\/p>\n","protected":false},"excerpt":{"rendered":"<p>[youtube https:\/\/www.youtube.com\/watch?v=jm-qUvQqfQU] &nbsp; [youtube https:\/\/www.youtube.com\/watch?v=5JqDApWsdG8] &nbsp; Lectura espiritual 4. LA MADRE Viajar para encontrar espejos Entonces Mar\u00eda se levant\u00f3 y se dirigi\u00f3 apresuradamente a la serran\u00eda, a un pueblo de Judea. Entr\u00f3 en casa de Zacar\u00edas y salud\u00f3 a Isabel. Cuando Isabel oy\u00f3 el saludo de Mar\u00eda, la criatura dio un salto en su vientre. &hellip; <\/p>\n<p><a class=\"more-link btn\" href=\"https:\/\/smaria.salou.arqtgn.cat\/es\/iii-domingo-de-pascua-b-2021\/\">Seguir leyendo<\/a><\/p>\n","protected":false},"author":11,"featured_media":0,"comment_status":"closed","ping_status":"closed","sticky":false,"template":"","format":"standard","meta":{"footnotes":""},"categories":[52,49],"tags":[],"class_list":["post-14887","post","type-post","status-publish","format-standard","hentry","category-para-reflexionar","category-preparando-el-domingo","item-wrap"],"amp_enabled":true,"_links":{"self":[{"href":"https:\/\/smaria.salou.arqtgn.cat\/es\/wp-json\/wp\/v2\/posts\/14887","targetHints":{"allow":["GET"]}}],"collection":[{"href":"https:\/\/smaria.salou.arqtgn.cat\/es\/wp-json\/wp\/v2\/posts"}],"about":[{"href":"https:\/\/smaria.salou.arqtgn.cat\/es\/wp-json\/wp\/v2\/types\/post"}],"author":[{"embeddable":true,"href":"https:\/\/smaria.salou.arqtgn.cat\/es\/wp-json\/wp\/v2\/users\/11"}],"replies":[{"embeddable":true,"href":"https:\/\/smaria.salou.arqtgn.cat\/es\/wp-json\/wp\/v2\/comments?post=14887"}],"version-history":[{"count":4,"href":"https:\/\/smaria.salou.arqtgn.cat\/es\/wp-json\/wp\/v2\/posts\/14887\/revisions"}],"predecessor-version":[{"id":14892,"href":"https:\/\/smaria.salou.arqtgn.cat\/es\/wp-json\/wp\/v2\/posts\/14887\/revisions\/14892"}],"wp:attachment":[{"href":"https:\/\/smaria.salou.arqtgn.cat\/es\/wp-json\/wp\/v2\/media?parent=14887"}],"wp:term":[{"taxonomy":"category","embeddable":true,"href":"https:\/\/smaria.salou.arqtgn.cat\/es\/wp-json\/wp\/v2\/categories?post=14887"},{"taxonomy":"post_tag","embeddable":true,"href":"https:\/\/smaria.salou.arqtgn.cat\/es\/wp-json\/wp\/v2\/tags?post=14887"}],"curies":[{"name":"wp","href":"https:\/\/api.w.org\/{rel}","templated":true}]}}