{"id":14788,"date":"2021-03-27T00:29:27","date_gmt":"2021-03-26T23:29:27","guid":{"rendered":"http:\/\/smaria.salou.arqtgn.cat\/?p=14788"},"modified":"2021-03-27T07:58:09","modified_gmt":"2021-03-27T06:58:09","slug":"domingo-de-pasion-o-ramos-b-2021","status":"publish","type":"post","link":"https:\/\/smaria.salou.arqtgn.cat\/es\/domingo-de-pasion-o-ramos-b-2021\/","title":{"rendered":"Domingo de PASI\u00d3N o RAMOS \/ B \/ 2021"},"content":{"rendered":"<table style=\"height: 99px;width: 97.3345%\">\n<tbody>\n<tr style=\"height: 256px\">\n<td style=\"height: 99px;width: 42.9098%\">\n<p><div id=\"attachment_14535\" style=\"width: 315px\" class=\"wp-caption aligncenter\"><a href=\"https:\/\/www.lecturesmissa.arquebisbattarragona.cat\/1635\/DIUMENGE-DE-RAMS-B?lang=es\" target=\"_blank\" rel=\"noopener\"><img loading=\"lazy\" decoding=\"async\" aria-describedby=\"caption-attachment-14535\" class=\"wp-image-14535\" src=\"https:\/\/www.mayordolorsevilla.es\/images\/Noticias%20y%20articulos\/Entra_triunfal_en_Jerusalen.jpg\" alt=\"\" width=\"315\" height=\"187\" \/><\/a><p id=\"caption-attachment-14535\" class=\"wp-caption-text\">Leer la Palabra de Dios<\/p><\/div><\/td>\n<td style=\"height: 99px;width: 56.8154%;text-align: center\">\n<p><div id=\"attachment_14542\" style=\"width: 400px\" class=\"wp-caption aligncenter\"><a href=\"http:\/\/www.esglesiadetarragona.cat\/wp-content\/uploads\/2021\/03\/hd3707.pdf\" target=\"_blank\" rel=\"noopener noreferrer\"><img loading=\"lazy\" decoding=\"async\" aria-describedby=\"caption-attachment-14542\" class=\"wp-image-14542 size-full\" src=\"http:\/\/smaria.salou.arqtgn.cat\/wp-content\/uploads\/sites\/10\/2021\/01\/full_es.jpg\" alt=\"\" width=\"400\" height=\"235\" srcset=\"https:\/\/smaria.salou.arqtgn.cat\/wp-content\/uploads\/sites\/10\/2021\/01\/full_es.jpg 400w, https:\/\/smaria.salou.arqtgn.cat\/wp-content\/uploads\/sites\/10\/2021\/01\/full_es-300x176.jpg 300w\" sizes=\"auto, (max-width: 400px) 100vw, 400px\" \/><\/a><p id=\"caption-attachment-14542\" class=\"wp-caption-text\">Leer la Hoja Dominical<\/p><\/div><\/td>\n<\/tr>\n<\/tbody>\n<\/table>\n<p>[youtube https:\/\/www.youtube.com\/watch?v=Pi2a-PJ81t8]<\/p>\n<p>&nbsp;<\/p>\n<p>[youtube https:\/\/www.youtube.com\/watch?v=shaBoqFzpkQ]<\/p>\n<p>&nbsp;<\/p>\n<h3><span style=\"color: #ff6600\"><strong><br \/>\nLectura Espiritu<\/strong>al<\/span><\/h3>\n<h4><strong>LA VIRGEN. <\/strong><strong>Nuestra naturaleza original<\/strong><\/h4>\n<p style=\"text-align: justify\"><strong>\u00a0<\/strong><em>El \u00e1ngel, entrando en su presencia, dijo: \u00abAl\u00e9grate, llena de gracia, el Se\u00f1or est\u00e1 contigo\u00bb.\u00a0Ella se turb\u00f3 grandemente ante estas palabras y se preguntaba qu\u00e9 saludo era aquel.\u00a0El \u00e1ngel le dijo: \u00abNo temas, Mar\u00eda, porque has encontrado gracia ante Dios.\u00a0Concebir\u00e1s en tu vientre y dar\u00e1s a luz un hijo, y le pondr\u00e1s por nombre Jes\u00fas.<\/em> <em>Ser\u00e1 grande, se llamar\u00e1 Hijo del Alt\u00edsimo, el Se\u00f1or Dios le dar\u00e1 el trono de David, su padre;\u00a0reinar\u00e1 sobre la casa de Jacob para siempre, y su reino no tendr\u00e1 fin\u00bb.\u00a0Y Mar\u00eda dijo al \u00e1ngel: \u00ab\u00bfC\u00f3mo ser\u00e1 eso, pues no conozco var\u00f3n?\u00bb.\u00a0El \u00e1ngel le contest\u00f3: \u00abEl Esp\u00edritu Santo vendr\u00e1 sobre ti, y la fuerza del Alt\u00edsimo te cubrir\u00e1 con su sombra; por eso el Santo que va a nacer ser\u00e1 llamado Hijo de Dios.\u00a0Tambi\u00e9n tu pariente Isabel ha concebido un hijo en su vejez, y ya est\u00e1 de seis meses la que llamaban est\u00e9ril,\u00a0porque para Dios nada hay imposible\u00bb.\u00a0Mar\u00eda contest\u00f3: \u00abHe aqu\u00ed la esclava del Se\u00f1or; h\u00e1gase en m\u00ed seg\u00fan tu palabra\u00bb. Y el \u00e1ngel se retir\u00f3.<\/em> (Lc 1,28-38)<\/p>\n<ul style=\"text-align: justify\">\n<li>El alma es siempre virgen. Pero es un territorio da\u00f1ado por los embates de la vida. Hemos perdido la inocencia y la oscuridad se ha adue\u00f1ado de nosotros: indiferencia ante el destino ajeno, encerramiento en lo propio, indolencia, vanidad, pensamientos oscuros, emociones t\u00f3xicas, h\u00e1bitos perniciosos, comportamientos ego\u00edstas\u2026<\/li>\n<li>Pero en alg\u00fan rinc\u00f3n de nuestro ser persiste algo inmaculado y virgen: ese lugar, ese reducto sagrado, es la Mar\u00eda que todos llevamos dentro. Saberlo y vivirlo es la espiritualidad.<\/li>\n<li>Pero nos hemos olvidado de ese rinc\u00f3n donde perdura la verdad, la belleza y el bien. Necesitamos alguien que nos descubra nuestra dimensi\u00f3n espiritual, necesitamos el \u00e1ngel.<\/li>\n<li>El \u00e1ngel irrumpe repentinamente y toca lo m\u00e1s profundo de la persona:\n<ul>\n<li><em>Te saludo<\/em>: el esp\u00edritu nos da salud<\/li>\n<li><em>El Se\u00f1or est\u00e1 contigo<\/em>: el esp\u00edritu nos abre al misterio<\/li>\n<li><em>No tengas miedo<\/em>: vivir en su presencia conduce a la confianza<\/li>\n<li><em>T\u00fa gozas del favor de Dios<\/em>: la experiencia de la alegr\u00eda del ser<\/li>\n<li><em>Concebir\u00e1s y dar\u00e1s a luz un hijo<\/em>: el gozo de la fecundidad vital<\/li>\n<\/ul>\n<\/li>\n<li>Mar\u00eda es la llena de gracia porque antes se ha vaciado a si misma. Concibe y da a luz porque ha hecho vac\u00edo.<\/li>\n<li>Hay que entrar en la virtuosa circulaci\u00f3n de la acogida y la donaci\u00f3n, del vac\u00edo y la plenitud, de la virginidad y la maternidad.<\/li>\n<li>\u00bf<em>Y como ser\u00e1 eso si, yo no conozco var\u00f3n<\/em>, si yo no soy nadie? No comprende, pero acepta. Pero para aceptar la dimensi\u00f3n espiritual hemos de morir a otras. Hemos de optar, sin reservas.<\/li>\n<li>Ese olvidarse del ego para empezar a existir como canal, ese perderse para que exista otro -para que exista todo-, es lo que se conoce como iluminaci\u00f3n. <em>Iluminarse es eliminarse<\/em>, se ha escrito.<\/li>\n<li>Y el \u00e1ngel se retira. Y Mar\u00eda se queda sola. \u00bfLo habr\u00eda so\u00f1ado? El panorama era abrumador: el conocimiento de su embarazo, la reacci\u00f3n de Jos\u00e9\u2026<\/li>\n<li>Mar\u00eda no lo analiza, lo El verbo \u201cguardar\u201d resume como ning\u00fan otro toda la vida contemplativa de la fe cristiana.<\/li>\n<li>La desobediencia de Eva la separa de Dios y de un mundo en armon\u00eda. La obediencia de Mar\u00eda vuelve a unir cuerpo y esp\u00edritu. Nosotros tambi\u00e9n estamos invitados a hacer este proceso y renovarlo en cada etapa de nuestra vida.<\/li>\n<\/ul>\n<p style=\"text-align: justify\">Como Mar\u00eda, nosotros tambi\u00e9n nos preguntamos, \u00bfc\u00f3mo hacer algo de la nada? \u00bfC\u00f3mo puede nacer algo del vac\u00edo que soy? \u00bfNo ser\u00e1 el vac\u00edo el \u00fanico territorio verdaderamente fecundo?<\/p>\n<p style=\"text-align: right\"><em>(Inspirado en el libro: Biograf\u00eda de la luz, De Pablo d\u2019Ors)<\/em><\/p>\n","protected":false},"excerpt":{"rendered":"<p>[youtube https:\/\/www.youtube.com\/watch?v=Pi2a-PJ81t8] &nbsp; [youtube https:\/\/www.youtube.com\/watch?v=shaBoqFzpkQ] &nbsp; Lectura Espiritual LA VIRGEN. Nuestra naturaleza original \u00a0El \u00e1ngel, entrando en su presencia, dijo: \u00abAl\u00e9grate, llena de gracia, el Se\u00f1or est\u00e1 contigo\u00bb.\u00a0Ella se turb\u00f3 grandemente ante estas palabras y se preguntaba qu\u00e9 saludo era aquel.\u00a0El \u00e1ngel le dijo: \u00abNo temas, Mar\u00eda, porque has encontrado gracia ante Dios.\u00a0Concebir\u00e1s en tu &hellip; <\/p>\n<p><a class=\"more-link btn\" href=\"https:\/\/smaria.salou.arqtgn.cat\/es\/domingo-de-pasion-o-ramos-b-2021\/\">Seguir leyendo<\/a><\/p>\n","protected":false},"author":11,"featured_media":0,"comment_status":"closed","ping_status":"closed","sticky":false,"template":"","format":"standard","meta":{"footnotes":""},"categories":[52,49],"tags":[],"class_list":["post-14788","post","type-post","status-publish","format-standard","hentry","category-para-reflexionar","category-preparando-el-domingo","item-wrap"],"amp_enabled":true,"_links":{"self":[{"href":"https:\/\/smaria.salou.arqtgn.cat\/es\/wp-json\/wp\/v2\/posts\/14788","targetHints":{"allow":["GET"]}}],"collection":[{"href":"https:\/\/smaria.salou.arqtgn.cat\/es\/wp-json\/wp\/v2\/posts"}],"about":[{"href":"https:\/\/smaria.salou.arqtgn.cat\/es\/wp-json\/wp\/v2\/types\/post"}],"author":[{"embeddable":true,"href":"https:\/\/smaria.salou.arqtgn.cat\/es\/wp-json\/wp\/v2\/users\/11"}],"replies":[{"embeddable":true,"href":"https:\/\/smaria.salou.arqtgn.cat\/es\/wp-json\/wp\/v2\/comments?post=14788"}],"version-history":[{"count":4,"href":"https:\/\/smaria.salou.arqtgn.cat\/es\/wp-json\/wp\/v2\/posts\/14788\/revisions"}],"predecessor-version":[{"id":14793,"href":"https:\/\/smaria.salou.arqtgn.cat\/es\/wp-json\/wp\/v2\/posts\/14788\/revisions\/14793"}],"wp:attachment":[{"href":"https:\/\/smaria.salou.arqtgn.cat\/es\/wp-json\/wp\/v2\/media?parent=14788"}],"wp:term":[{"taxonomy":"category","embeddable":true,"href":"https:\/\/smaria.salou.arqtgn.cat\/es\/wp-json\/wp\/v2\/categories?post=14788"},{"taxonomy":"post_tag","embeddable":true,"href":"https:\/\/smaria.salou.arqtgn.cat\/es\/wp-json\/wp\/v2\/tags?post=14788"}],"curies":[{"name":"wp","href":"https:\/\/api.w.org\/{rel}","templated":true}]}}