{"id":14773,"date":"2021-03-23T13:41:36","date_gmt":"2021-03-23T12:41:36","guid":{"rendered":"http:\/\/smaria.salou.arqtgn.cat\/?p=14773"},"modified":"2021-03-23T13:41:36","modified_gmt":"2021-03-23T12:41:36","slug":"defuncion-de-consolacio-vall-llopis","status":"publish","type":"post","link":"https:\/\/smaria.salou.arqtgn.cat\/es\/defuncion-de-consolacio-vall-llopis\/","title":{"rendered":"Defunci\u00f3n de Consolaci\u00f3 Vall Llopis"},"content":{"rendered":"<p><a href=\"http:\/\/salou2.wEp.arqtgn.cat\/wp-content\/uploads\/sites\/10\/2015\/05\/memora.jpg\"><img loading=\"lazy\" decoding=\"async\" class=\"alignleft wp-image-3869 size-full\" src=\"http:\/\/smaria.salou.arqtgn.cat\/wp-content\/uploads\/sites\/10\/2015\/05\/memora.jpg\" alt=\"memora\" width=\"124\" height=\"160\" \/><\/a><strong>Edad:<\/strong> 87 a\u00f1os<\/p>\n<p><strong>Lugar de la ceremonia: <\/strong>Tanatori de Tarragona<strong><br \/>\n<\/strong><\/p>\n<p><strong>Fecha y hora: <\/strong>mi\u00e9rcoles, 24 de marzo de 2021, a les 16:30h<\/p>\n<p><em>Jes\u00fas dijo: Jo soy la resurecci\u00f3n y la vida. Quien cree en mi, aunque muera, vivir\u00e1; y todo aquel que vive y cree en mi, no morir\u00e1 nunca<\/em>.<\/p>\n<p><em>Jn 11, 25-26<br \/>\n<\/em><\/p>\n","protected":false},"excerpt":{"rendered":"<p>Edad: 87 a\u00f1os Lugar de la ceremonia: Tanatori de Tarragona Fecha y hora: mi\u00e9rcoles, 24 de marzo de 2021, a les 16:30h Jes\u00fas dijo: Jo soy la resurecci\u00f3n y la vida. Quien cree en mi, aunque muera, vivir\u00e1; y todo aquel que vive y cree en mi, no morir\u00e1 nunca. Jn 11, 25-26<\/p>\n","protected":false},"author":11,"featured_media":0,"comment_status":"closed","ping_status":"closed","sticky":false,"template":"","format":"standard","meta":{"footnotes":""},"categories":[51],"tags":[],"class_list":["post-14773","post","type-post","status-publish","format-standard","hentry","category-defunciones","item-wrap"],"amp_enabled":true,"_links":{"self":[{"href":"https:\/\/smaria.salou.arqtgn.cat\/es\/wp-json\/wp\/v2\/posts\/14773","targetHints":{"allow":["GET"]}}],"collection":[{"href":"https:\/\/smaria.salou.arqtgn.cat\/es\/wp-json\/wp\/v2\/posts"}],"about":[{"href":"https:\/\/smaria.salou.arqtgn.cat\/es\/wp-json\/wp\/v2\/types\/post"}],"author":[{"embeddable":true,"href":"https:\/\/smaria.salou.arqtgn.cat\/es\/wp-json\/wp\/v2\/users\/11"}],"replies":[{"embeddable":true,"href":"https:\/\/smaria.salou.arqtgn.cat\/es\/wp-json\/wp\/v2\/comments?post=14773"}],"version-history":[{"count":1,"href":"https:\/\/smaria.salou.arqtgn.cat\/es\/wp-json\/wp\/v2\/posts\/14773\/revisions"}],"predecessor-version":[{"id":14774,"href":"https:\/\/smaria.salou.arqtgn.cat\/es\/wp-json\/wp\/v2\/posts\/14773\/revisions\/14774"}],"wp:attachment":[{"href":"https:\/\/smaria.salou.arqtgn.cat\/es\/wp-json\/wp\/v2\/media?parent=14773"}],"wp:term":[{"taxonomy":"category","embeddable":true,"href":"https:\/\/smaria.salou.arqtgn.cat\/es\/wp-json\/wp\/v2\/categories?post=14773"},{"taxonomy":"post_tag","embeddable":true,"href":"https:\/\/smaria.salou.arqtgn.cat\/es\/wp-json\/wp\/v2\/tags?post=14773"}],"curies":[{"name":"wp","href":"https:\/\/api.w.org\/{rel}","templated":true}]}}