{"id":14753,"date":"2021-03-19T20:45:10","date_gmt":"2021-03-19T19:45:10","guid":{"rendered":"http:\/\/smaria.salou.arqtgn.cat\/?p=14753"},"modified":"2021-03-19T20:46:03","modified_gmt":"2021-03-19T19:46:03","slug":"v-domingo-de-cuaresma-b-2021","status":"publish","type":"post","link":"https:\/\/smaria.salou.arqtgn.cat\/es\/v-domingo-de-cuaresma-b-2021\/","title":{"rendered":"V Domingo de CUARESMA \/ B \/ 2021"},"content":{"rendered":"<table style=\"height: 99px;width: 97.3345%\">\n<tbody>\n<tr style=\"height: 256px\">\n<td style=\"height: 99px;width: 42.9098%\">\n<p><div id=\"attachment_14535\" style=\"width: 212px\" class=\"wp-caption aligncenter\"><a href=\"https:\/\/www.lecturesmissa.arquebisbattarragona.cat\/1634\/DIUMENGE-V-QUARESMA-B?lang=es\" target=\"_blank\" rel=\"noopener\"><img loading=\"lazy\" decoding=\"async\" aria-describedby=\"caption-attachment-14535\" class=\"wp-image-14535\" src=\"https:\/\/www.agustinosrecoletos.org\/images\/noticias\/6918\/24722.jpg\" alt=\"\" width=\"212\" height=\"163\" \/><\/a><p id=\"caption-attachment-14535\" class=\"wp-caption-text\">Leer la Palabra de Dios<\/p><\/div><\/td>\n<td style=\"height: 99px;width: 56.8154%;text-align: center\">\n<p><div id=\"attachment_14542\" style=\"width: 400px\" class=\"wp-caption aligncenter\"><a href=\"http:\/\/www.esglesiadetarragona.cat\/wp-content\/uploads\/2021\/03\/hd3706.pdf\" target=\"_blank\" rel=\"noopener noreferrer\"><img loading=\"lazy\" decoding=\"async\" aria-describedby=\"caption-attachment-14542\" class=\"wp-image-14542 size-full\" src=\"http:\/\/smaria.salou.arqtgn.cat\/wp-content\/uploads\/sites\/10\/2021\/01\/full_es.jpg\" alt=\"\" width=\"400\" height=\"235\" srcset=\"https:\/\/smaria.salou.arqtgn.cat\/wp-content\/uploads\/sites\/10\/2021\/01\/full_es.jpg 400w, https:\/\/smaria.salou.arqtgn.cat\/wp-content\/uploads\/sites\/10\/2021\/01\/full_es-300x176.jpg 300w\" sizes=\"auto, (max-width: 400px) 100vw, 400px\" \/><\/a><p id=\"caption-attachment-14542\" class=\"wp-caption-text\">Leer la Hoja Dominical<\/p><\/div><\/td>\n<\/tr>\n<\/tbody>\n<\/table>\n<p>[youtube https:\/\/www.youtube.com\/watch?v=gVDpf9srRMU]<\/p>\n<p>&nbsp;<\/p>\n<p>[youtube https:\/\/www.youtube.com\/watch?v=D0dq7XGToi8]<\/p>\n<p>&nbsp;<\/p>\n<h3><span style=\"color: #ff6600\"><strong><br \/>\nLectura Espiritu<\/strong>al<\/span><\/h3>\n<p style=\"text-align: justify\"><em>La generaci\u00f3n de Jesucristo fue de esta manera: Mar\u00eda, su madre, estaba desposada con Jos\u00e9 y, antes de vivir juntos, result\u00f3 que ella esperaba un hijo por obra del Esp\u00edritu Santo.\u00a0Jos\u00e9, su esposo, como era justo y no quer\u00eda difamarla, decidi\u00f3 repudiarla en privado. Pero, apenas hab\u00eda tomado esta resoluci\u00f3n, se le apareci\u00f3 en sue\u00f1os un \u00e1ngel del Se\u00f1or que le dijo: \u00abJos\u00e9, hijo de David, no temas acoger a Mar\u00eda, tu mujer, porque la criatura que hay en ella viene del Esp\u00edritu Santo.\u00a0Dar\u00e1 a luz un hijo y t\u00fa le pondr\u00e1s por nombre Jes\u00fas, porque \u00e9l salvar\u00e1 a su pueblo de sus pecados\u00bb.\u00a0Todo esto sucedi\u00f3 para que se cumpliese lo que hab\u00eda dicho el Se\u00f1or por medio del profeta:\u00a0\u00abMirad: la virgen concebir\u00e1 y dar\u00e1 a luz un hijo y le pondr\u00e1n por nombre Emmanuel, que significa \u201cDios-con-nosotros\u201d\u00bb.\u00a0Cuando Jos\u00e9 se despert\u00f3, hizo lo que le hab\u00eda mandado el \u00e1ngel del Se\u00f1or y acogi\u00f3 a su mujer.\u00a0Y sin haberla conocido, ella dio a luz un hijo al que puso por nombre Jes\u00fas. <\/em>(Mt 1,18-21; 24-25)<\/p>\n<ul>\n<li style=\"text-align: justify\">Un hombre ama a su mujer que, seg\u00fan parece le ha sido infiel.<\/li>\n<li style=\"text-align: justify\">Jos\u00e9 se pregunta qu\u00e9 ha de hacer: \u00bfo repudiar a su prometida, como ordena la ley, o la acoge, desobedeciendo lo prescrito? \u00bfLa religi\u00f3n o el amor?<\/li>\n<li style=\"text-align: justify\">\u00bfDios quiere torturarme, d\u00e1ndome primero a esta persona para despu\u00e9s quit\u00e1rmela? Defraudo a Dios si no cumplo sus leyes; pero tambi\u00e9n lo defraudo si abandono a esa mujer.<\/li>\n<li style=\"text-align: justify\">Repudiar a Mar\u00eda le parece una decisi\u00f3n \u201cjusta\u201d i \u201ccaritativa\u201d, humanamente hablando: el carga con cierto desprestigio y, a cambio, ella se salva.<\/li>\n<li style=\"text-align: justify\">Pero no le acaba de convencer; ha de haber algo m\u00e1s, una soluci\u00f3n a la que no es capaz de llegar con sus razonamientos. Y decide poner el \u201casunto\u201d en manos de Dios. \u00a1Buena decisi\u00f3n!<\/li>\n<li style=\"text-align: justify\">Esa noche tuvo un sue\u00f1o. <em>Al despertar <\/em>ten\u00eda la respuesta de Dios: acoger\u00eda a Mar\u00eda y a su hijo, como esposa, y a ese ni\u00f1o le dar\u00eda el nombre de su casa, la casa de David. La respuesta del \u00e1ngel ha sido: no te desentiendas del problema, no sacrifiques a esa mujer y al ni\u00f1o; <em>sacrif\u00edcate t\u00fa, date cuenta de que t\u00fa eres siempre la cuesti\u00f3n.<\/em><\/li>\n<li style=\"text-align: justify\">Jos\u00e9 no solucion\u00f3 su problema con la mente sino con el esp\u00edritu. Quiz\u00e1s no entendi\u00f3 nunca lo que hab\u00eda pasado, pero confi\u00f3 en Dios y en su mujer, y vivi\u00f3 feliz con ella.<\/li>\n<li style=\"text-align: justify\">No rompi\u00f3 con las leyes sino que fue m\u00e1s all\u00e1 de las leyes. Lo dir\u00e1 Jes\u00fas: \u201cNo he venido a abolir la ley, sino a llevarla a plenitud\u201d, aunque a veces parezca lo contrario, la gente no lo comprenda e, incluso haya consecuencias desagradables.<\/li>\n<li style=\"text-align: justify\">Pero -sabemos- que ciertas decisiones marcan toda una vida. Y que hace falta un <em>coraz\u00f3n puro<\/em> para saberlas llevar sin acritud y con alegr\u00eda. Amar a Mar\u00eda como esposa; amar a Jes\u00fas como hijo, con <em>coraz\u00f3n puro<\/em>, es decir, desinteresadamente, sin reservas de ning\u00fan tipo; y haci\u00e9ndolo cada d\u00eda, cada momento. Haciendo en cada momento lo que ha de hacer, y hacerlo poniendo en todo <em>atenci\u00f3n y amor.<\/em><\/li>\n<li style=\"text-align: justify\">\u00bfC\u00f3mo puede vivir as\u00ed, durante a\u00f1os? El Esp\u00edritu de Dios no le abandona nunca y a \u00c9l se aferra. No entiende a Dios pero conf\u00eda en \u00c9l.<\/li>\n<li style=\"text-align: justify\"><em>Y por ese camino llega a la luz<\/em>. No es el conocimiento lo que nos hace fecundos, sino la fecundidad la que nos da conocimiento. La verdad es fruto del amor. No puede haber verdad si no hay amor.<\/li>\n<\/ul>\n<p style=\"text-align: right\"><em>(Inspirado en el libro: Biograf\u00eda de la luz, De Pablo d\u2019Ors)<\/em><\/p>\n","protected":false},"excerpt":{"rendered":"<p>[youtube https:\/\/www.youtube.com\/watch?v=gVDpf9srRMU] &nbsp; [youtube https:\/\/www.youtube.com\/watch?v=D0dq7XGToi8] &nbsp; Lectura Espiritual La generaci\u00f3n de Jesucristo fue de esta manera: Mar\u00eda, su madre, estaba desposada con Jos\u00e9 y, antes de vivir juntos, result\u00f3 que ella esperaba un hijo por obra del Esp\u00edritu Santo.\u00a0Jos\u00e9, su esposo, como era justo y no quer\u00eda difamarla, decidi\u00f3 repudiarla en privado. Pero, apenas hab\u00eda &hellip; <\/p>\n<p><a class=\"more-link btn\" href=\"https:\/\/smaria.salou.arqtgn.cat\/es\/v-domingo-de-cuaresma-b-2021\/\">Seguir leyendo<\/a><\/p>\n","protected":false},"author":11,"featured_media":0,"comment_status":"closed","ping_status":"closed","sticky":false,"template":"","format":"standard","meta":{"footnotes":""},"categories":[52,49],"tags":[],"class_list":["post-14753","post","type-post","status-publish","format-standard","hentry","category-para-reflexionar","category-preparando-el-domingo","item-wrap"],"amp_enabled":true,"_links":{"self":[{"href":"https:\/\/smaria.salou.arqtgn.cat\/es\/wp-json\/wp\/v2\/posts\/14753","targetHints":{"allow":["GET"]}}],"collection":[{"href":"https:\/\/smaria.salou.arqtgn.cat\/es\/wp-json\/wp\/v2\/posts"}],"about":[{"href":"https:\/\/smaria.salou.arqtgn.cat\/es\/wp-json\/wp\/v2\/types\/post"}],"author":[{"embeddable":true,"href":"https:\/\/smaria.salou.arqtgn.cat\/es\/wp-json\/wp\/v2\/users\/11"}],"replies":[{"embeddable":true,"href":"https:\/\/smaria.salou.arqtgn.cat\/es\/wp-json\/wp\/v2\/comments?post=14753"}],"version-history":[{"count":4,"href":"https:\/\/smaria.salou.arqtgn.cat\/es\/wp-json\/wp\/v2\/posts\/14753\/revisions"}],"predecessor-version":[{"id":14757,"href":"https:\/\/smaria.salou.arqtgn.cat\/es\/wp-json\/wp\/v2\/posts\/14753\/revisions\/14757"}],"wp:attachment":[{"href":"https:\/\/smaria.salou.arqtgn.cat\/es\/wp-json\/wp\/v2\/media?parent=14753"}],"wp:term":[{"taxonomy":"category","embeddable":true,"href":"https:\/\/smaria.salou.arqtgn.cat\/es\/wp-json\/wp\/v2\/categories?post=14753"},{"taxonomy":"post_tag","embeddable":true,"href":"https:\/\/smaria.salou.arqtgn.cat\/es\/wp-json\/wp\/v2\/tags?post=14753"}],"curies":[{"name":"wp","href":"https:\/\/api.w.org\/{rel}","templated":true}]}}