{"id":14692,"date":"2021-03-06T08:21:54","date_gmt":"2021-03-06T07:21:54","guid":{"rendered":"http:\/\/smaria.salou.arqtgn.cat\/?p=14692"},"modified":"2021-03-06T08:21:54","modified_gmt":"2021-03-06T07:21:54","slug":"iii-domingo-de-cuaresma-b-2021","status":"publish","type":"post","link":"https:\/\/smaria.salou.arqtgn.cat\/es\/iii-domingo-de-cuaresma-b-2021\/","title":{"rendered":"III Domingo de CUARESMA \/ B \/ 2021"},"content":{"rendered":"<table style=\"height: 99px;width: 97.3345%\">\n<tbody>\n<tr style=\"height: 256px\">\n<td style=\"height: 99px;width: 42.9098%\">\n<p><div id=\"attachment_14535\" style=\"width: 212px\" class=\"wp-caption aligncenter\"><a href=\"https:\/\/www.lecturesmissa.arquebisbattarragona.cat\/1632\/III-DOMINGO-DE-CUARESMA-B\" target=\"_blank\" rel=\"noopener\"><img loading=\"lazy\" decoding=\"async\" aria-describedby=\"caption-attachment-14535\" class=\"wp-image-14535\" src=\"https:\/\/www.art-prints-on-demand.com\/kunst\/giotto_di_bondone_296\/expuslion-of-money-changers_giotto.jpg\" alt=\"\" width=\"212\" height=\"163\" \/><\/a><p id=\"caption-attachment-14535\" class=\"wp-caption-text\">Leer la Palabra de Dios<\/p><\/div><\/td>\n<td style=\"height: 99px;width: 56.8154%;text-align: center\">\n<p><div id=\"attachment_14542\" style=\"width: 400px\" class=\"wp-caption aligncenter\"><a href=\"http:\/\/www.esglesiadetarragona.cat\/wp-content\/uploads\/2021\/03\/hd3704.pdf\" target=\"_blank\" rel=\"noopener noreferrer\"><img loading=\"lazy\" decoding=\"async\" aria-describedby=\"caption-attachment-14542\" class=\"wp-image-14542 size-full\" src=\"http:\/\/smaria.salou.arqtgn.cat\/wp-content\/uploads\/sites\/10\/2021\/01\/full_es.jpg\" alt=\"\" width=\"400\" height=\"235\" srcset=\"https:\/\/smaria.salou.arqtgn.cat\/wp-content\/uploads\/sites\/10\/2021\/01\/full_es.jpg 400w, https:\/\/smaria.salou.arqtgn.cat\/wp-content\/uploads\/sites\/10\/2021\/01\/full_es-300x176.jpg 300w\" sizes=\"auto, (max-width: 400px) 100vw, 400px\" \/><\/a><p id=\"caption-attachment-14542\" class=\"wp-caption-text\">Leer la Hoja Dominical<\/p><\/div><\/td>\n<\/tr>\n<\/tbody>\n<\/table>\n<p>[youtube https:\/\/www.youtube.com\/watch?v=opUceNRvI0A]<\/p>\n<p>&nbsp;<\/p>\n<p>[youtube https:\/\/www.youtube.com\/watch?v=rZyG6PR-vhE]<\/p>\n<h3><span style=\"color: #ff6600\"><strong><br \/>\nLectura Espiritu<\/strong>al<\/span><\/h3>\n<p style=\"text-align: justify\">Adem\u00e1s de la necesidad del recogimiento e inseparable de \u00e9l, para orar necesitamos paz. Dios se comunica tan solo en un coraz\u00f3n pose\u00eddo por la paz. Ese bien tan deseable -pensemos en el constante desasosiego de quien de d\u00eda y de noche est\u00e1 acosado por la ansiedad, el remordimiento, alguna preocupaci\u00f3n-, ese bien tan deseable, dec\u00edamos, es una herencia que nos leg\u00f3 Jes\u00fas. La \u00faltima jornada que pas\u00f3 sobre la tierra, luego de dejar a los suyos la herencia inefable de la Eucarist\u00eda, les asegur\u00f3 otro legado: <em>La paz os dejo, mi paz os doy<\/em>. No es, por tanto, un bien adquirido, sino heredado; un don que hemos de valorar, custodiar, acrecentar.<\/p>\n<p style=\"text-align: justify\">Sin paz no podremos orar bien. Para recuperarla hagamos oraci\u00f3n. Parecer\u00eda un argumento parad\u00f3jico, pero en ocasiones la \u00fanica manera de recuperar la paz perdida es comenzar, sin paz, a buscar al Dios de la paz. Las aguas de la superficie del lago se aquietar\u00e1n poco a poco, y comenzar\u00e1 a reflejarse no solo la luz del sol, sino incluso, en la oscuridad, el fulgor de la luna y las estrellas. Y esto, como es l\u00f3gico, exige tiempo.<\/p>\n<p style=\"text-align: justify\">La paz perfecta brota de todos los dones que Dios deposita en el alma, y por eso es equivalente a la bienaventuranza, un adelanto de ella: <em>descanse en paz<\/em>. La paz es la plenitud y el coronamiento del descanso; es el descanso perfecto, el descanso sin temor, el descanso inalterable.<\/p>\n<p style=\"text-align: justify\">Lograr en la oraci\u00f3n ratos de esa paz ser\u00e1 tener anticipos de eternidad, en el que no habr\u00e1 sucesi\u00f3n de eventos, sino un \u00fanico instante de Amor infinito, en plenitud de felicidad. No tengamos prisa al orar, no admitamos ning\u00fan caso pendiente que resolver, estemos simplemente llen\u00e1ndonos de una Presencia.<\/p>\n<p style=\"text-align: justify\">La paz se acompa\u00f1a del silencio, y el silencio propicia la paz. Solamente en un ambiente de silencio puede el hombre encontrar el clima adecuado para recibir la acci\u00f3n divina en el fondo de su alma. El ejemplo nos viene de Dios, de Cristo. Dios es el gran aliado del silencio. El silencio es su regla. En el silencio eterno actu\u00f3 y contin\u00faa actuando. La palabra m\u00e1s alta y m\u00e1s honda, su Verbo Subsistente, se engendr\u00f3 en silencio, <em>salido del silencio<\/em>, seg\u00fan la hermosa expresi\u00f3n de san de Antioqu\u00eda.<\/p>\n<p style=\"text-align: justify\">\u00a0Al venir a la tierra Cristo quiso vivir en una atm\u00f3sfera de silencio. <em>Mientras un apacible silencio envolv\u00eda todas las cosas, y la noche en su carrera llegaba a la mitad de su camino, tu omnipotente Palabra, Se\u00f1or, vino del cielo, de su real trono. <\/em>Antes de dedicarse a predicar quiso permanecer treinta a\u00f1os en silencio, y como preparaci\u00f3n inmediata a\u00f1adi\u00f3 cuarenta d\u00edas de retiro absoluto en el desierto. En los tres \u00faltimos a\u00f1os se procuraba con frecuencia remansos de silencio, apart\u00e1ndose a lugares\u00a0 retirados. As\u00ed est\u00e1 tambi\u00e9n ahora en la Eucarist\u00eda. \u00c9l, que hablaba como ning\u00fan hombre ha sabido hablar, contin\u00faa hablando con la gran palabra del silencio.<\/p>\n<p style=\"text-align: justify\">Y no se trata necesariamente del desierto geogr\u00e1fico o del silencio f\u00edsico, pues el aut\u00e9ntico desierto donde habita Dios es el silencio del coraz\u00f3n. Ah\u00ed es donde Dios aguarda a los suyos, ah\u00ed donde su silenciosa presencia revela fuentes ocultas que permanecen veladas a los quienes viven atrapados en la vor\u00e1gine del ruido.<\/p>\n<p style=\"text-align: right\">Ricardo Sada; <em>Consejos para la oraci\u00f3n mental<\/em><\/p>\n","protected":false},"excerpt":{"rendered":"<p>[youtube https:\/\/www.youtube.com\/watch?v=opUceNRvI0A] &nbsp; [youtube https:\/\/www.youtube.com\/watch?v=rZyG6PR-vhE] Lectura Espiritual Adem\u00e1s de la necesidad del recogimiento e inseparable de \u00e9l, para orar necesitamos paz. Dios se comunica tan solo en un coraz\u00f3n pose\u00eddo por la paz. Ese bien tan deseable -pensemos en el constante desasosiego de quien de d\u00eda y de noche est\u00e1 acosado por la ansiedad, el &hellip; <\/p>\n<p><a class=\"more-link btn\" href=\"https:\/\/smaria.salou.arqtgn.cat\/es\/iii-domingo-de-cuaresma-b-2021\/\">Seguir leyendo<\/a><\/p>\n","protected":false},"author":11,"featured_media":0,"comment_status":"closed","ping_status":"closed","sticky":false,"template":"","format":"standard","meta":{"footnotes":""},"categories":[52,49],"tags":[],"class_list":["post-14692","post","type-post","status-publish","format-standard","hentry","category-para-reflexionar","category-preparando-el-domingo","item-wrap"],"amp_enabled":true,"_links":{"self":[{"href":"https:\/\/smaria.salou.arqtgn.cat\/es\/wp-json\/wp\/v2\/posts\/14692","targetHints":{"allow":["GET"]}}],"collection":[{"href":"https:\/\/smaria.salou.arqtgn.cat\/es\/wp-json\/wp\/v2\/posts"}],"about":[{"href":"https:\/\/smaria.salou.arqtgn.cat\/es\/wp-json\/wp\/v2\/types\/post"}],"author":[{"embeddable":true,"href":"https:\/\/smaria.salou.arqtgn.cat\/es\/wp-json\/wp\/v2\/users\/11"}],"replies":[{"embeddable":true,"href":"https:\/\/smaria.salou.arqtgn.cat\/es\/wp-json\/wp\/v2\/comments?post=14692"}],"version-history":[{"count":3,"href":"https:\/\/smaria.salou.arqtgn.cat\/es\/wp-json\/wp\/v2\/posts\/14692\/revisions"}],"predecessor-version":[{"id":14695,"href":"https:\/\/smaria.salou.arqtgn.cat\/es\/wp-json\/wp\/v2\/posts\/14692\/revisions\/14695"}],"wp:attachment":[{"href":"https:\/\/smaria.salou.arqtgn.cat\/es\/wp-json\/wp\/v2\/media?parent=14692"}],"wp:term":[{"taxonomy":"category","embeddable":true,"href":"https:\/\/smaria.salou.arqtgn.cat\/es\/wp-json\/wp\/v2\/categories?post=14692"},{"taxonomy":"post_tag","embeddable":true,"href":"https:\/\/smaria.salou.arqtgn.cat\/es\/wp-json\/wp\/v2\/tags?post=14692"}],"curies":[{"name":"wp","href":"https:\/\/api.w.org\/{rel}","templated":true}]}}