{"id":13533,"date":"2020-07-17T16:10:36","date_gmt":"2020-07-17T14:10:36","guid":{"rendered":"http:\/\/smaria.salou.arqtgn.cat\/?p=13533"},"modified":"2020-07-17T16:10:36","modified_gmt":"2020-07-17T14:10:36","slug":"xvi-domingo-del-tiempo-ordinario-a-2020","status":"publish","type":"post","link":"https:\/\/smaria.salou.arqtgn.cat\/es\/xvi-domingo-del-tiempo-ordinario-a-2020\/","title":{"rendered":"XVI Domingo del tiempo ordinario \/ A \/ 2020"},"content":{"rendered":"<table style=\"height: 99px;width: 97.3345%\">\n<tbody>\n<tr style=\"height: 256px\">\n<td style=\"height: 99px;width: 62.0879%\">\n<p><div id=\"attachment_13347\" style=\"width: 311px\" class=\"wp-caption aligncenter\"><a href=\"https:\/\/www.lecturesmissa.arquebisbattarragona.cat\/\" target=\"_blank\" rel=\"noopener noreferrer\"><img loading=\"lazy\" decoding=\"async\" aria-describedby=\"caption-attachment-13347\" class=\"wp-image-13347\" src=\"https:\/\/cope-cdnmed.agilecontent.com\/resources\/jpg\/1\/7\/1564384769371.jpg\" alt=\"\" width=\"311\" height=\"189\" \/><\/a><p id=\"caption-attachment-13347\" class=\"wp-caption-text\">Leer la Palabra de Dios<\/p><\/div><\/td>\n<td style=\"height: 99px;width: 37.6374%;text-align: center\">\n<p><div id=\"attachment_5183\" style=\"width: 197px\" class=\"wp-caption aligncenter\"><a href=\"http:\/\/www.esglesiadetarragona.cat\/wp-content\/uploads\/2020\/07\/hd3671.pdf\" target=\"_blank\" rel=\"noopener noreferrer\"><img loading=\"lazy\" decoding=\"async\" aria-describedby=\"caption-attachment-5183\" class=\"wp-image-5183\" src=\"https:\/\/www.arquebisbattarragona.cat\/wp-content\/uploads\/2018\/12\/full2.jpg?sequence=3&amp;isAllowed=y?\" alt=\"\" width=\"197\" height=\"186\" \/><\/a><p id=\"caption-attachment-5183\" class=\"wp-caption-text\">Leer la Hoja Dominical<\/p><\/div><\/td>\n<\/tr>\n<\/tbody>\n<\/table>\n<p>[youtube https:\/\/www.youtube.com\/watch?v=8GsI9jRmy7E]<\/p>\n<p>&nbsp;<\/p>\n<p>[youtube https:\/\/www.youtube.com\/watch?v=qhqz0962ohQ]<\/p>\n<p>&nbsp;<\/p>\n<h3><span style=\"color: #ff6600\"><strong>Lectura Espiritu<\/strong>al<\/span><\/h3>\n<p style=\"text-align: justify\">Acoger la Presencia de la Humanidad Sant\u00edsima de Cristo puede darse por cauces muy diversos; in\u00e9ditos algunos, procedentes de la inagotable creatividad de la fe empapada por el amor.<\/p>\n<p style=\"text-align: justify\">A veces cauces tan sencillos como la repetici\u00f3n del nombre de Jes\u00fas.\u00a0 \u0336 dijimos \u0336\u00a0 la contemplaci\u00f3n de cualquiera de los misterios de su Vida, o la escucha atenta de las palabras que salieron de sus labios. O la mirada puesta en un crucifijo o en un retablo, as\u00ed como tambi\u00e9n la consideraci\u00f3n de sus Llagas o de su Coraz\u00f3n ardiente, o el di\u00e1logo fluido con Jes\u00fas presente a nuestro lado como el amigo m\u00e1s fiel y entra\u00f1able\u2026, o en la adoraci\u00f3n eucar\u00edstica, o en la comuni\u00f3n sacramental con su Cuerpo verdadero y su verdadera Sangre, o en el recurso del arte religioso\u00a0 \u0336 por ejemplo, la m\u00fasica que para \u00c9l han compuesto los grandes maestros, y tambi\u00e9n las composiciones populares que proceden del fervor inspirado de los fieles \u0336 .<\/p>\n<p style=\"text-align: justify\">En fin, todo lo que invente la fe y el amor; todo podr\u00e1 ser cauce apto para abrirnos a la presencia de ese Dios imaginable, sensible, concreto; el <em>Emmanuel<\/em>, ese Dios cercan\u00edsimo que ha querido se <em>con<\/em> nosotros, <em>para <\/em>nosotros, <em>en <\/em>nosotros.<\/p>\n<p style=\"text-align: justify\">Acoger en la oraci\u00f3n la Presencia de Jes\u00fas en su Humanidad Sant\u00edsima supondr\u00e1 ir teniendo hacia \u00c9l una devoci\u00f3n tierna e impaciente. Supondr\u00e1 alimentarnos con su recuerdo, estar suspendidos de sus labios y vivir de sus sonrisas. Todo lo que nos lo haga presente encender\u00e1 los deseos de comunicaci\u00f3n y ser\u00e1 \u00c9l el primer pensamiento que nos ocupe cada ma\u00f1ana.<\/p>\n<p style=\"text-align: justify\">\u00bfSabemos lo que es vivir del afecto y de la ternura hacia un amigo que est\u00e1 cerca de nosotros? Nuestros ojos adivinar\u00e1n los suyos, leeremos en su alma, el menor cambio en su actitud tendr\u00e1 significado para nosotros. Nos adelantaremos a sus deseos y necesidades.<\/p>\n<p style=\"text-align: justify\">Y si eso es posible con un amigo de la tierra, que permanece en su propia individualidad, \u00a1cu\u00e1nto podr\u00e1 suponer el Amigo que ha querido hacerse \u00edntimo, formando con nosotros un solo ser, un solo viviente! Y todo, en el ejercicio de cada d\u00eda y de cada uno de los instantes del d\u00eda.<\/p>\n<p style=\"text-align: right\">Ricardo Sada; <em>Consejos para la oraci\u00f3n mental<\/em><\/p>\n<p>&nbsp;<\/p>\n","protected":false},"excerpt":{"rendered":"<p>[youtube https:\/\/www.youtube.com\/watch?v=8GsI9jRmy7E] &nbsp; [youtube https:\/\/www.youtube.com\/watch?v=qhqz0962ohQ] &nbsp; Lectura Espiritual Acoger la Presencia de la Humanidad Sant\u00edsima de Cristo puede darse por cauces muy diversos; in\u00e9ditos algunos, procedentes de la inagotable creatividad de la fe empapada por el amor. A veces cauces tan sencillos como la repetici\u00f3n del nombre de Jes\u00fas.\u00a0 \u0336 dijimos \u0336\u00a0 la contemplaci\u00f3n de &hellip; <\/p>\n<p><a class=\"more-link btn\" href=\"https:\/\/smaria.salou.arqtgn.cat\/es\/xvi-domingo-del-tiempo-ordinario-a-2020\/\">Seguir leyendo<\/a><\/p>\n","protected":false},"author":11,"featured_media":0,"comment_status":"closed","ping_status":"closed","sticky":false,"template":"","format":"standard","meta":{"footnotes":""},"categories":[52,49],"tags":[],"class_list":["post-13533","post","type-post","status-publish","format-standard","hentry","category-para-reflexionar","category-preparando-el-domingo","item-wrap"],"amp_enabled":true,"_links":{"self":[{"href":"https:\/\/smaria.salou.arqtgn.cat\/es\/wp-json\/wp\/v2\/posts\/13533","targetHints":{"allow":["GET"]}}],"collection":[{"href":"https:\/\/smaria.salou.arqtgn.cat\/es\/wp-json\/wp\/v2\/posts"}],"about":[{"href":"https:\/\/smaria.salou.arqtgn.cat\/es\/wp-json\/wp\/v2\/types\/post"}],"author":[{"embeddable":true,"href":"https:\/\/smaria.salou.arqtgn.cat\/es\/wp-json\/wp\/v2\/users\/11"}],"replies":[{"embeddable":true,"href":"https:\/\/smaria.salou.arqtgn.cat\/es\/wp-json\/wp\/v2\/comments?post=13533"}],"version-history":[{"count":2,"href":"https:\/\/smaria.salou.arqtgn.cat\/es\/wp-json\/wp\/v2\/posts\/13533\/revisions"}],"predecessor-version":[{"id":13535,"href":"https:\/\/smaria.salou.arqtgn.cat\/es\/wp-json\/wp\/v2\/posts\/13533\/revisions\/13535"}],"wp:attachment":[{"href":"https:\/\/smaria.salou.arqtgn.cat\/es\/wp-json\/wp\/v2\/media?parent=13533"}],"wp:term":[{"taxonomy":"category","embeddable":true,"href":"https:\/\/smaria.salou.arqtgn.cat\/es\/wp-json\/wp\/v2\/categories?post=13533"},{"taxonomy":"post_tag","embeddable":true,"href":"https:\/\/smaria.salou.arqtgn.cat\/es\/wp-json\/wp\/v2\/tags?post=13533"}],"curies":[{"name":"wp","href":"https:\/\/api.w.org\/{rel}","templated":true}]}}