{"id":13407,"date":"2020-06-26T17:17:12","date_gmt":"2020-06-26T15:17:12","guid":{"rendered":"http:\/\/smaria.salou.arqtgn.cat\/?p=13407"},"modified":"2020-06-26T17:17:12","modified_gmt":"2020-06-26T15:17:12","slug":"xiii-domingo-tiempo-ordinario-a-2020","status":"publish","type":"post","link":"https:\/\/smaria.salou.arqtgn.cat\/es\/xiii-domingo-tiempo-ordinario-a-2020\/","title":{"rendered":"XIII Domingo tiempo ordinario  \/ A \/ 2020"},"content":{"rendered":"<table style=\"height: 99px;width: 97.3345%\">\n<tbody>\n<tr style=\"height: 256px\">\n<td style=\"height: 99px;width: 62.0879%\">\n<p><div id=\"attachment_13347\" style=\"width: 311px\" class=\"wp-caption aligncenter\"><a href=\"https:\/\/www.lecturesmissa.arquebisbattarragona.cat\/\" target=\"_blank\" rel=\"noopener noreferrer\"><img loading=\"lazy\" decoding=\"async\" aria-describedby=\"caption-attachment-13347\" class=\"wp-image-13347\" src=\"https:\/\/www.revistaecclesia.com\/wp-content\/uploads\/2015\/06\/domingo-XIII-tiempo-ordinario-2.jpg\" alt=\"\" width=\"311\" height=\"189\" \/><\/a><p id=\"caption-attachment-13347\" class=\"wp-caption-text\">Leer la Palabra de Dios<\/p><\/div><\/td>\n<td style=\"height: 99px;width: 37.6374%;text-align: center\">\n<p><div id=\"attachment_5183\" style=\"width: 197px\" class=\"wp-caption aligncenter\"><a href=\"http:\/\/www.esglesiadetarragona.cat\/wp-content\/uploads\/2020\/06\/hd3668.pdf\" target=\"_blank\" rel=\"noopener noreferrer\"><img loading=\"lazy\" decoding=\"async\" aria-describedby=\"caption-attachment-5183\" class=\"wp-image-5183\" src=\"https:\/\/www.arquebisbattarragona.cat\/wp-content\/uploads\/2018\/12\/full2.jpg?sequence=3&amp;isAllowed=y?\" alt=\"\" width=\"197\" height=\"186\" \/><\/a><p id=\"caption-attachment-5183\" class=\"wp-caption-text\">Leer la Hoja\u00a0 Dominical<\/p><\/div><\/td>\n<\/tr>\n<\/tbody>\n<\/table>\n<p>[youtube https:\/\/www.youtube.com\/watch?v=BmYCdr6ulXI]<\/p>\n<p>&nbsp;<\/p>\n<p>[youtube https:\/\/www.youtube.com\/watch?v=FCsVXQakRvQ]<\/p>\n<p>&nbsp;<\/p>\n<h3><span style=\"color: #ff6600\"><strong>Lectura Espiritu<\/strong>al<\/span><\/h3>\n<p style=\"text-align: justify\">La contemplaci\u00f3n estar\u00eda integrada por los siguientes elementos:<\/p>\n<p style=\"text-align: justify\">\u00a0\u00a0\u00a0\u00a0\u00a0\u00a0\u00a0&#8211; 1\u00ba, una acci\u00f3n especial de Dios, es decir, un don, una realidad <em>infusa.<\/em>;<\/p>\n<p style=\"text-align: justify\">\u00a0 \u00a0 \u00a0 \u00a0&#8211;\u00a0 2\u00ba, por lo mismo, una actitud del hombre receptiva, lo que podr\u00eda llamarse <em>pasividad activa<\/em>;<\/p>\n<p style=\"text-align: justify\">\u00a0 \u00a0 \u00a0 \u00a0 &#8211; 3\u00ba, su dinamismo es el amor, por encima de cualquier otra consideraci\u00f3n, ya que se trata del encuentro de dos personas en lo m\u00e1s \u00edntimo de ellas, el coraz\u00f3n;<\/p>\n<p style=\"text-align: justify\">\u00a0 \u00a0 \u00a0 \u00a0 &#8211; 4\u00ba, que va <em>ilustrando<\/em>, es decir, va haciendo <em>sabio<\/em> al sujeto, al tiempo que lo va <em>enamorando<\/em>, pues no se trata de un conocimiento as\u00e9ptico, sino unitivo.<\/p>\n<p style=\"text-align: justify\">Todos los hombres est\u00e1n llamados a la experiencia contemplativa. El germen de la vida divina depositado en el bautismo lleva, en su pleno desarrollo, a la cumbre de la oraci\u00f3n. Es un corolario de su inserci\u00f3n en el misterio de Cristo: \u00abLo que dios desea es llevar a todas las almas a la uni\u00f3n\u00bb. Queda, pues, incluida en el misterio de la santidad, y es ense\u00f1ada por los grandes maestros del esp\u00edritu. Manifestaci\u00f3n privilegiada de la buena salud de un organismo espiritual, tal como expres\u00f3 san Paulo VI:<\/p>\n<p style=\"text-align: justify\">\u00abClavar en \u00c9l [Jes\u00fas] la mirada y el coraz\u00f3n que llamamos contemplaci\u00f3n viene a ser el acto m\u00e1s alto y m\u00e1s pleno del esp\u00edritu, el acto que a\u00fan hoy puede y debe jerarquizar la inmensa pir\u00e1mide de la actividad humana\u00bb.<\/p>\n<p style=\"text-align: justify\">Es triste comprobar, sin embargo, que no son muchos los que se decidan a intentar este \u00e1pice de la experiencia oracional. No parece que haya muchos contemplativos\u2026 san Juan de la Cruz llega incluso a decir que \u00abni la mitad de los que se ejercitan en el camino del esp\u00edritu lleva dios a la contemplaci\u00f3n\u00bb. Pero \u00e9l mismo constat\u00f3 que muchos de sus disc\u00edpulos, en poco tiempo, se abr\u00edan al proceso, llegaban a lograrlo. Santa Teresa testimonia que en sus monasterios una gran parte ten\u00eda acceso a la contemplaci\u00f3n. El doctor m\u00edstico se\u00f1ala algunos de los obst\u00e1culos que impiden ese logro:<\/p>\n<p style=\"text-align: justify\">\u00a0\u00abMuchas almas las cuales comenzando el camino de la virtud y queri\u00e9ndolas nuestro Se\u00f1or poner en esta noche oscura para que por ella pasen a la divina uni\u00f3n, ellas no pasan adelante a veces por no querer entrar o no dejarse entrar en ella\u2026 a veces por no entenderse\u2026 y faltarles gu\u00edas id\u00f3neas y despiertas que las gu\u00eden hasta la cumbre\u2026 No es porque Dios quiera que haya pocos de estos esp\u00edritus levantados, que antes querr\u00eda que todos fuesen perfectos, sino que hay pocos vasos que sufran tan alta y sufrida obra\u2026\u00bb<\/p>\n<p style=\"text-align: justify\">En otro lugar anima enf\u00e1ticamente a ir adelante, pues el premio no tiene comparaci\u00f3n:<\/p>\n<p style=\"text-align: justify\">\u00ab\u00a1Oh almas creadas para estas grandezas y para ellas llamadas! \u00bfQu\u00e9 hac\u00e9is, en qu\u00e9 os entreten\u00e9is? Vuestras pretensiones son bajezas y vuestras posesiones miserias. \u00a1Oh miserable ceguera de los ojos de vuestra alma, pues para tanta luz est\u00e1is ciegos y para tan grandes voces sordos, no viendo que, en tanto que busc\u00e1is grandezas i glorias, os qued\u00e1is miserables y bajos, de tantos bienes hechos ignorantes e indignos!\u00bb<\/p>\n<p style=\"text-align: justify\">Ahora bien, \u00bfcu\u00e1les son los \u00e1mbitos privilegiados para la contemplaci\u00f3n? La respuesta es inmediata: la sant\u00edsima Humanidad de Cristo. He ah\u00ed el campo m\u00e1s a prop\u00f3sito para la contemplaci\u00f3n. En la ense\u00f1anza del <em>Catecismo<\/em> encontramos la invitaci\u00f3n a buscar este modo simplificado de orar a trav\u00e9s de algo tan entra\u00f1able como el Dios hecho hombre.<\/p>\n<p style=\"text-align: right\">Ricardo Sada; <em>Consejos para la oraci\u00f3n mental<\/em><\/p>\n<p>&nbsp;<\/p>\n","protected":false},"excerpt":{"rendered":"<p>[youtube https:\/\/www.youtube.com\/watch?v=BmYCdr6ulXI] &nbsp; [youtube https:\/\/www.youtube.com\/watch?v=FCsVXQakRvQ] &nbsp; Lectura Espiritual La contemplaci\u00f3n estar\u00eda integrada por los siguientes elementos: \u00a0\u00a0\u00a0\u00a0\u00a0\u00a0\u00a0&#8211; 1\u00ba, una acci\u00f3n especial de Dios, es decir, un don, una realidad infusa.; \u00a0 \u00a0 \u00a0 \u00a0&#8211;\u00a0 2\u00ba, por lo mismo, una actitud del hombre receptiva, lo que podr\u00eda llamarse pasividad activa; \u00a0 \u00a0 \u00a0 \u00a0 &#8211; 3\u00ba, &hellip; <\/p>\n<p><a class=\"more-link btn\" href=\"https:\/\/smaria.salou.arqtgn.cat\/es\/xiii-domingo-tiempo-ordinario-a-2020\/\">Seguir leyendo<\/a><\/p>\n","protected":false},"author":11,"featured_media":0,"comment_status":"closed","ping_status":"closed","sticky":false,"template":"","format":"standard","meta":{"footnotes":""},"categories":[52,49],"tags":[],"class_list":["post-13407","post","type-post","status-publish","format-standard","hentry","category-para-reflexionar","category-preparando-el-domingo","item-wrap"],"amp_enabled":true,"_links":{"self":[{"href":"https:\/\/smaria.salou.arqtgn.cat\/es\/wp-json\/wp\/v2\/posts\/13407","targetHints":{"allow":["GET"]}}],"collection":[{"href":"https:\/\/smaria.salou.arqtgn.cat\/es\/wp-json\/wp\/v2\/posts"}],"about":[{"href":"https:\/\/smaria.salou.arqtgn.cat\/es\/wp-json\/wp\/v2\/types\/post"}],"author":[{"embeddable":true,"href":"https:\/\/smaria.salou.arqtgn.cat\/es\/wp-json\/wp\/v2\/users\/11"}],"replies":[{"embeddable":true,"href":"https:\/\/smaria.salou.arqtgn.cat\/es\/wp-json\/wp\/v2\/comments?post=13407"}],"version-history":[{"count":3,"href":"https:\/\/smaria.salou.arqtgn.cat\/es\/wp-json\/wp\/v2\/posts\/13407\/revisions"}],"predecessor-version":[{"id":13410,"href":"https:\/\/smaria.salou.arqtgn.cat\/es\/wp-json\/wp\/v2\/posts\/13407\/revisions\/13410"}],"wp:attachment":[{"href":"https:\/\/smaria.salou.arqtgn.cat\/es\/wp-json\/wp\/v2\/media?parent=13407"}],"wp:term":[{"taxonomy":"category","embeddable":true,"href":"https:\/\/smaria.salou.arqtgn.cat\/es\/wp-json\/wp\/v2\/categories?post=13407"},{"taxonomy":"post_tag","embeddable":true,"href":"https:\/\/smaria.salou.arqtgn.cat\/es\/wp-json\/wp\/v2\/tags?post=13407"}],"curies":[{"name":"wp","href":"https:\/\/api.w.org\/{rel}","templated":true}]}}