{"id":13385,"date":"2020-06-18T18:22:04","date_gmt":"2020-06-18T16:22:04","guid":{"rendered":"http:\/\/smaria.salou.arqtgn.cat\/?p=13385"},"modified":"2020-06-19T18:25:27","modified_gmt":"2020-06-19T16:25:27","slug":"el-alcalde-pere-granados-agradece-el-compromiso-de-caritas-interparroquial-de-salou-durante-la-covid-19","status":"publish","type":"post","link":"https:\/\/smaria.salou.arqtgn.cat\/es\/el-alcalde-pere-granados-agradece-el-compromiso-de-caritas-interparroquial-de-salou-durante-la-covid-19\/","title":{"rendered":"El alcalde Pere Granados agradece el compromiso de C\u00e0ritas Interparroquial de Salou, durante la COVID-19"},"content":{"rendered":"<p style=\"text-align: justify\"><a href=\"https:\/\/www.salou.cat\/ca\/noticies\/l2019alcalde-pere-granados-agraeix-el-compromis-i-la-tasca-humanitaria-de-caritas-interparroquial-de-salou-durant-la-pandemia-de-la-covid-19\/@@images\/15dceda7-dc72-4c5b-bcf3-67f136b71127.jpeg\"><img loading=\"lazy\" decoding=\"async\" class=\"aligncenter size-full\" src=\"https:\/\/www.salou.cat\/ca\/noticies\/l2019alcalde-pere-granados-agraeix-el-compromis-i-la-tasca-humanitaria-de-caritas-interparroquial-de-salou-durant-la-pandemia-de-la-covid-19\/@@images\/15dceda7-dc72-4c5b-bcf3-67f136b71127.jpeg\" width=\"768\" height=\"514\" \/><\/a><\/p>\n<p style=\"text-align: justify\">El alcalde <strong>Pere Granados<\/strong>, acompa\u00f1ado de la concejala de Bienestar, Servicios Sociales e Igualdad, <strong>Estela Baeza<\/strong>, y del concejal de Participaci\u00f3n Ciudadana, <strong>H\u00e8ctor Maiquez<\/strong>, visit\u00f3 este martes la sede de <strong>C\u00e1ritas Interparroquial de Salou<\/strong>, situada en la calle Ciutat de Reus, para agradecer \u00abel compromiso y la labor humanitaria realizada por la entidad, durante la pandemia de la COVID-19\u00bb.<\/p>\n<p style=\"text-align: justify\">El alcalde y los ediles llevaron a cabo\u00a0un intercambio de impresiones con el director de C\u00e1ritas Salou, Esteve Tom\u00e0s, y los voluntarios \/ as.<\/p>\n<p style=\"text-align: justify\">La concejala de Bienestar, Servicios Sociales e Igualdad, Estela Baeza, ha destacado \u00abla coordinaci\u00f3n de la entidad con el departamento de Servicios Sociales del Ayuntamiento durante esta pandemia, ya que, gracias a su ayuda, hemos conseguido que muchas personas puedan superar sus circunstancias desfavorables\u00bb.<\/p>\n<p style=\"text-align: justify\">Por su parte, el concejal de Participaci\u00f3n Ciudadana, H\u00e8ctor Maiquez, ha manifestado que \u00abdesde el Ayuntamiento, queremos dar todo nuestro apoyo a C\u00e1ritas Salou, ya que, junto con otras entidades sin \u00e1nimo de lucro del municipio, desarrollan una labor altruista muy loable\u00bb.<\/p>\n<p>&nbsp;<\/p>\n","protected":false},"excerpt":{"rendered":"<p>El alcalde Pere Granados, acompa\u00f1ado de la concejala de Bienestar, Servicios Sociales e Igualdad, Estela Baeza, y del concejal de Participaci\u00f3n Ciudadana, H\u00e8ctor Maiquez, visit\u00f3 este martes la sede de C\u00e1ritas Interparroquial de Salou, situada en la calle Ciutat de Reus, para agradecer \u00abel compromiso y la labor humanitaria realizada por la entidad, durante la &hellip; <\/p>\n<p><a class=\"more-link btn\" href=\"https:\/\/smaria.salou.arqtgn.cat\/es\/el-alcalde-pere-granados-agradece-el-compromiso-de-caritas-interparroquial-de-salou-durante-la-covid-19\/\">Seguir leyendo<\/a><\/p>\n","protected":false},"author":11,"featured_media":0,"comment_status":"closed","ping_status":"closed","sticky":false,"template":"","format":"standard","meta":{"footnotes":""},"categories":[56,57,64],"tags":[],"class_list":["post-13385","post","type-post","status-publish","format-standard","hentry","category-actualitat-es","category-caritas-interparroquial-es-2","category-vida-parroquial-es","item-wrap"],"amp_enabled":true,"_links":{"self":[{"href":"https:\/\/smaria.salou.arqtgn.cat\/es\/wp-json\/wp\/v2\/posts\/13385","targetHints":{"allow":["GET"]}}],"collection":[{"href":"https:\/\/smaria.salou.arqtgn.cat\/es\/wp-json\/wp\/v2\/posts"}],"about":[{"href":"https:\/\/smaria.salou.arqtgn.cat\/es\/wp-json\/wp\/v2\/types\/post"}],"author":[{"embeddable":true,"href":"https:\/\/smaria.salou.arqtgn.cat\/es\/wp-json\/wp\/v2\/users\/11"}],"replies":[{"embeddable":true,"href":"https:\/\/smaria.salou.arqtgn.cat\/es\/wp-json\/wp\/v2\/comments?post=13385"}],"version-history":[{"count":4,"href":"https:\/\/smaria.salou.arqtgn.cat\/es\/wp-json\/wp\/v2\/posts\/13385\/revisions"}],"predecessor-version":[{"id":13390,"href":"https:\/\/smaria.salou.arqtgn.cat\/es\/wp-json\/wp\/v2\/posts\/13385\/revisions\/13390"}],"wp:attachment":[{"href":"https:\/\/smaria.salou.arqtgn.cat\/es\/wp-json\/wp\/v2\/media?parent=13385"}],"wp:term":[{"taxonomy":"category","embeddable":true,"href":"https:\/\/smaria.salou.arqtgn.cat\/es\/wp-json\/wp\/v2\/categories?post=13385"},{"taxonomy":"post_tag","embeddable":true,"href":"https:\/\/smaria.salou.arqtgn.cat\/es\/wp-json\/wp\/v2\/tags?post=13385"}],"curies":[{"name":"wp","href":"https:\/\/api.w.org\/{rel}","templated":true}]}}