{"id":13342,"date":"2020-06-11T20:43:36","date_gmt":"2020-06-11T18:43:36","guid":{"rendered":"http:\/\/smaria.salou.arqtgn.cat\/?p=13342"},"modified":"2020-06-12T20:47:13","modified_gmt":"2020-06-12T18:47:13","slug":"las-peticiones-de-ayuda-a-caritas-se-han-incrementado-a-la-archidiocesi-en-un-25-durante-la-pandemia","status":"publish","type":"post","link":"https:\/\/smaria.salou.arqtgn.cat\/es\/las-peticiones-de-ayuda-a-caritas-se-han-incrementado-a-la-archidiocesi-en-un-25-durante-la-pandemia\/","title":{"rendered":"Las peticiones de ayuda a C\u00e1ritas se han incrementado a la archidi\u00f3cesi en un 25% durante la pandemia"},"content":{"rendered":"<p><a href=\"https:\/\/www.arquebisbattarragona.cat\/news\/les-peticions-dajuda-a-caritas-shan-incrementat-a-larxidiocesi-en-un-25-durant-la-pandemia\/?lang=es\" target=\"_blank\" rel=\"noopener noreferrer\"><img loading=\"lazy\" decoding=\"async\" class=\"aligncenter\" src=\"http:\/\/www.tercersector.cat\/sites\/www.tercersector.cat\/files\/field\/image\/news\/1500x500.jpg\" alt=\"\" width=\"1500\" height=\"500\" \/><\/a><\/p>\n<p style=\"text-align: justify\"><a href=\"https:\/\/www.caritasdtarragona.cat\/\" target=\"_blank\" rel=\"noopener noreferrer\">C\u00e1ritas Diocesana<\/a> ha presentado este jueves, d\u00eda 11 de junio, las actuaciones realizadas en este tiempo de pandemia y su <a href=\"https:\/\/www.arquebisbattarragona.cat\/wp-content\/uploads\/2020\/06\/memoria-2019-cdt-definitva.pdf\" target=\"_blank\" rel=\"noopener noreferrer\">memoria anual<\/a> correspondiente a la acci\u00f3n social desarrollada por las 81 C\u00e1ritas presentes en la archidi\u00f3cesis durante 2019.<\/p>\n<p style=\"text-align: justify\">C\u00e1ritas constata que la crisis sanitaria provocada por la Covid-19 ha agravado la exclusi\u00f3n social de muchas personas, haci\u00e9ndola cr\u00f3nica, a pesar de la mejora de la econom\u00eda desde el 2014. Seg\u00fan la responsable de la acci\u00f3n social de C\u00e1ritas Diocesana, Elisabeth Rovira, las peticiones de ayuda a C\u00e1ritas han aumentado en un 25% durante la pandemia, siendo m\u00e1s elevadas en las poblaciones costeras. \u00abA trav\u00e9s de los 62 puntos de Servicios de Distribuci\u00f3n de Alimentos (SDA) se ha dado a 3.935 familias, suponiendo un incremento de un 49% respecto meses anteriores, y en los comedores sociales y Caf\u00e9 y Caliu han distribuido unos 361 comidas, en fiambreras y bolsas, a personas sin techo y en situaci\u00f3n de exclusi\u00f3n social\u00bb, explic\u00f3 Rovira. Pero \u00e9stas no han sido las \u00fanicas actuaciones. La atenci\u00f3n a la gente mayor, que ha aumentado en n\u00famero y en frecuencia; el acompa\u00f1amiento virtual y presencial a j\u00f3venes y migrantes y la inserci\u00f3n y la intermediaci\u00f3n laboral han sido algunos de los otros \u00e1mbitos de actuaci\u00f3n. Un trabajo ingente que han tenido que afrontar con casi la mitad de voluntarios habituales, unos 648, junto a los 40 profesionales.<\/p>\n<p><a href=\"https:\/\/www.arquebisbattarragona.cat\/news\/les-peticions-dajuda-a-caritas-shan-incrementat-a-larxidiocesi-en-un-25-durant-la-pandemia\/?lang=es\" target=\"_blank\" rel=\"noopener noreferrer\">Acceso a la rueda de prensa de la presentaci\u00f3n de la memoria.<\/a><\/p>\n","protected":false},"excerpt":{"rendered":"<p>C\u00e1ritas Diocesana ha presentado este jueves, d\u00eda 11 de junio, las actuaciones realizadas en este tiempo de pandemia y su memoria anual correspondiente a la acci\u00f3n social desarrollada por las 81 C\u00e1ritas presentes en la archidi\u00f3cesis durante 2019. C\u00e1ritas constata que la crisis sanitaria provocada por la Covid-19 ha agravado la exclusi\u00f3n social de muchas &hellip; <\/p>\n<p><a class=\"more-link btn\" href=\"https:\/\/smaria.salou.arqtgn.cat\/es\/las-peticiones-de-ayuda-a-caritas-se-han-incrementado-a-la-archidiocesi-en-un-25-durante-la-pandemia\/\">Seguir leyendo<\/a><\/p>\n","protected":false},"author":11,"featured_media":0,"comment_status":"closed","ping_status":"closed","sticky":false,"template":"","format":"standard","meta":{"footnotes":""},"categories":[56,57],"tags":[],"class_list":["post-13342","post","type-post","status-publish","format-standard","hentry","category-actualitat-es","category-caritas-interparroquial-es-2","item-wrap"],"amp_enabled":true,"_links":{"self":[{"href":"https:\/\/smaria.salou.arqtgn.cat\/es\/wp-json\/wp\/v2\/posts\/13342","targetHints":{"allow":["GET"]}}],"collection":[{"href":"https:\/\/smaria.salou.arqtgn.cat\/es\/wp-json\/wp\/v2\/posts"}],"about":[{"href":"https:\/\/smaria.salou.arqtgn.cat\/es\/wp-json\/wp\/v2\/types\/post"}],"author":[{"embeddable":true,"href":"https:\/\/smaria.salou.arqtgn.cat\/es\/wp-json\/wp\/v2\/users\/11"}],"replies":[{"embeddable":true,"href":"https:\/\/smaria.salou.arqtgn.cat\/es\/wp-json\/wp\/v2\/comments?post=13342"}],"version-history":[{"count":2,"href":"https:\/\/smaria.salou.arqtgn.cat\/es\/wp-json\/wp\/v2\/posts\/13342\/revisions"}],"predecessor-version":[{"id":13345,"href":"https:\/\/smaria.salou.arqtgn.cat\/es\/wp-json\/wp\/v2\/posts\/13342\/revisions\/13345"}],"wp:attachment":[{"href":"https:\/\/smaria.salou.arqtgn.cat\/es\/wp-json\/wp\/v2\/media?parent=13342"}],"wp:term":[{"taxonomy":"category","embeddable":true,"href":"https:\/\/smaria.salou.arqtgn.cat\/es\/wp-json\/wp\/v2\/categories?post=13342"},{"taxonomy":"post_tag","embeddable":true,"href":"https:\/\/smaria.salou.arqtgn.cat\/es\/wp-json\/wp\/v2\/tags?post=13342"}],"curies":[{"name":"wp","href":"https:\/\/api.w.org\/{rel}","templated":true}]}}