{"id":13310,"date":"2020-06-11T12:47:13","date_gmt":"2020-06-11T10:47:13","guid":{"rendered":"http:\/\/smaria.salou.arqtgn.cat\/?p=13310"},"modified":"2020-06-12T20:25:54","modified_gmt":"2020-06-12T18:25:54","slug":"a-solo-dos-metros-de-ti-es-la-campana-de-caritas-para-corpus-de-este-anoa","status":"publish","type":"post","link":"https:\/\/smaria.salou.arqtgn.cat\/es\/a-solo-dos-metros-de-ti-es-la-campana-de-caritas-para-corpus-de-este-anoa\/","title":{"rendered":"\u00abA s\u00f3lo dos metros de ti\u00bb, es la campa\u00f1a de C\u00e0ritas para Corpus de este a\u00f1o"},"content":{"rendered":"<p>[youtube https:\/\/www.youtube.com\/watch?v=0eh_ztxdT1Q]<\/p>\n<p style=\"text-align: justify\">Con el lema C\u00e1ritas,<em> a s\u00f3lo 2 metros de ti<\/em>, las diez C\u00e1ritas diocesanas con sede en Catalu\u00f1a han iniciado una <a href=\"https:\/\/www.caritascatalunya.cat\/campanas\/tot-i-les-distancies-ens-necessiten-mes-a-prop-que-mai\/\" target=\"_blank\" rel=\"noopener noreferrer\">campa\u00f1a conjunta<\/a> para explicar a la ciudadan\u00eda la labor que esta entidad de la Iglesia cat\u00f3lica ha estado llevando a cabo en estos \u00faltimos meses. \u00abNos hemos encontrado en una crisis sin precedentes, que nos ha obligado a reestructurar nuestra acci\u00f3n social en pocos meses\u00bb, explic\u00f3 Francisco Roig, presidente de C\u00e1ritas Catalu\u00f1a.<\/p>\n<p style=\"text-align: justify\">Ante esta emergencia, se han triplicado las peticiones de ayuda que C\u00e1ritas ha ido recibiendo en estos \u00faltimos meses. \u00abMuchas de las peticiones son de familias que viv\u00edan al d\u00eda, y que antes de la crisis de la Covidien-19 ya ten\u00edan una situaci\u00f3n complicada\u00bb, indic\u00f3 Roig. La paralizaci\u00f3n de la econom\u00eda ha supuesto que muchas personas hayan perdido el trabajo que ten\u00edan en la econom\u00eda sumergida, y en muchos casos hay familias que a\u00fan no han cobrado los ERTE. Ante esta situaci\u00f3n, muchas personas se han visto en la necesidad de recurrir por primera vez a entidades como C\u00e1ritas, para poder sostenerse mientras no se reactiva la econom\u00eda.<\/p>\n<p style=\"text-align: justify\"><strong>Una llamada a la solidaridad<\/strong><\/p>\n<p style=\"text-align: justify\">\u00abA pesar de las distancias marcadas, nos necesitan m\u00e1s cerca que nunca. Este virus nos obliga a separarnos f\u00edsicamente, pero nunca lograr\u00e1 alejarnos de coraz\u00f3n. En C\u00e1ritas queremos seguir estando muy cerca de todos aquellos que est\u00e1n sufriendo las consecuencias de esta pandemia. Necesitamos que las personas sean solidarias y colaboren con nosotros. Hacemos que C\u00e1ritas est\u00e9 a s\u00f3lo dos metros \u00bb, expres\u00f3 el presidente de C\u00e1ritas Catalu\u00f1a.<\/p>\n<p style=\"text-align: justify\">Durante este mes de junio, la campa\u00f1a <em>A s\u00f3lo dos metros de ti<\/em> se har\u00e1 presente en prensa, radio y televisi\u00f3n, con el objetivo de hacer llegar el mensaje de solidaridad en todo el territorio.<\/p>\n<p>[youtube https:\/\/www.youtube.com\/watch?v=HTitbBj6spk]<\/p>\n","protected":false},"excerpt":{"rendered":"<p>[youtube https:\/\/www.youtube.com\/watch?v=0eh_ztxdT1Q] Con el lema C\u00e1ritas, a s\u00f3lo 2 metros de ti, las diez C\u00e1ritas diocesanas con sede en Catalu\u00f1a han iniciado una campa\u00f1a conjunta para explicar a la ciudadan\u00eda la labor que esta entidad de la Iglesia cat\u00f3lica ha estado llevando a cabo en estos \u00faltimos meses. \u00abNos hemos encontrado en una crisis sin &hellip; <\/p>\n<p><a class=\"more-link btn\" href=\"https:\/\/smaria.salou.arqtgn.cat\/es\/a-solo-dos-metros-de-ti-es-la-campana-de-caritas-para-corpus-de-este-anoa\/\">Seguir leyendo<\/a><\/p>\n","protected":false},"author":11,"featured_media":0,"comment_status":"closed","ping_status":"closed","sticky":false,"template":"","format":"standard","meta":{"footnotes":""},"categories":[56,57,52],"tags":[],"class_list":["post-13310","post","type-post","status-publish","format-standard","hentry","category-actualitat-es","category-caritas-interparroquial-es-2","category-para-reflexionar","item-wrap"],"amp_enabled":true,"_links":{"self":[{"href":"https:\/\/smaria.salou.arqtgn.cat\/es\/wp-json\/wp\/v2\/posts\/13310","targetHints":{"allow":["GET"]}}],"collection":[{"href":"https:\/\/smaria.salou.arqtgn.cat\/es\/wp-json\/wp\/v2\/posts"}],"about":[{"href":"https:\/\/smaria.salou.arqtgn.cat\/es\/wp-json\/wp\/v2\/types\/post"}],"author":[{"embeddable":true,"href":"https:\/\/smaria.salou.arqtgn.cat\/es\/wp-json\/wp\/v2\/users\/11"}],"replies":[{"embeddable":true,"href":"https:\/\/smaria.salou.arqtgn.cat\/es\/wp-json\/wp\/v2\/comments?post=13310"}],"version-history":[{"count":5,"href":"https:\/\/smaria.salou.arqtgn.cat\/es\/wp-json\/wp\/v2\/posts\/13310\/revisions"}],"predecessor-version":[{"id":13339,"href":"https:\/\/smaria.salou.arqtgn.cat\/es\/wp-json\/wp\/v2\/posts\/13310\/revisions\/13339"}],"wp:attachment":[{"href":"https:\/\/smaria.salou.arqtgn.cat\/es\/wp-json\/wp\/v2\/media?parent=13310"}],"wp:term":[{"taxonomy":"category","embeddable":true,"href":"https:\/\/smaria.salou.arqtgn.cat\/es\/wp-json\/wp\/v2\/categories?post=13310"},{"taxonomy":"post_tag","embeddable":true,"href":"https:\/\/smaria.salou.arqtgn.cat\/es\/wp-json\/wp\/v2\/tags?post=13310"}],"curies":[{"name":"wp","href":"https:\/\/api.w.org\/{rel}","templated":true}]}}