{"id":13304,"date":"2020-06-11T12:32:57","date_gmt":"2020-06-11T10:32:57","guid":{"rendered":"http:\/\/smaria.salou.arqtgn.cat\/?p=13304"},"modified":"2020-06-11T12:32:57","modified_gmt":"2020-06-11T10:32:57","slug":"nota-de-la-conferencia-episcopal-tarraconense-ante-la-crisis-industrial-y-laboral-en-cataluna","status":"publish","type":"post","link":"https:\/\/smaria.salou.arqtgn.cat\/es\/nota-de-la-conferencia-episcopal-tarraconense-ante-la-crisis-industrial-y-laboral-en-cataluna\/","title":{"rendered":"Nota de la Conferencia Episcopal Tarraconense ante la crisis industrial y laboral en Catalu\u00f1a"},"content":{"rendered":"<p style=\"text-align: justify\"><img loading=\"lazy\" decoding=\"async\" class=\"size-full aligncenter\" src=\"https:\/\/www.arquebisbattarragona.cat\/wp-content\/uploads\/bfi_thumb\/cet-of77yuqm6yosxapkv7vb1z1hplm6ht7c7tvy2m6n2g.jpg\" width=\"1100\" height=\"340\" \/><\/p>\n<p style=\"text-align: justify\">Al sufrimiento personal y familiar que nos est\u00e1 provocando la pandemia del Covid-19 se ha a\u00f1adido una nueva crisis de gran importancia social y econ\u00f3mica, provocada por el cierre de empresas y plantas de producci\u00f3n, como es el caso de la empresa Nissan en Catalu\u00f1a.<\/p>\n<p style=\"text-align: justify\">La empresa automovil\u00edstica cerrar\u00e1 sus factor\u00edas de Zona Franca en Barcelona, \u200b\u200bde Montcada i Reixac, y de Sant Andreu de la Barca. Este cierre afecta a muchas personas de nuestro entorno: con el despido de m\u00e1s de 3.000 lugares de trabajo directos y una previsi\u00f3n de m\u00e1s de 20.000 indirectos.<\/p>\n<p style=\"text-align: justify\">Ante el sufrimiento provocado por esta crisis, la Iglesia no puede permanecer insensible al dolor que sufre la sociedad, personas y familias, a consecuencia de coyunturas econ\u00f3micas y sociales. Los Obispos deseamos transmitir este mensaje para mirar el futuro con esperanza:<\/p>\n<p style=\"text-align: justify\"><a href=\"https:\/\/www.arquebisbattarragona.cat\/news\/nota-de-la-conferencia-episcopal-tarraconense-davant-la-crisi-industrial-i-laboral-a-catalunya\/?lang=es\" target=\"_blank\" rel=\"noopener noreferrer\">Leer el texto del comunicado.<\/a><\/p>\n","protected":false},"excerpt":{"rendered":"<p>Al sufrimiento personal y familiar que nos est\u00e1 provocando la pandemia del Covid-19 se ha a\u00f1adido una nueva crisis de gran importancia social y econ\u00f3mica, provocada por el cierre de empresas y plantas de producci\u00f3n, como es el caso de la empresa Nissan en Catalu\u00f1a. La empresa automovil\u00edstica cerrar\u00e1 sus factor\u00edas de Zona Franca en &hellip; <\/p>\n<p><a class=\"more-link btn\" href=\"https:\/\/smaria.salou.arqtgn.cat\/es\/nota-de-la-conferencia-episcopal-tarraconense-ante-la-crisis-industrial-y-laboral-en-cataluna\/\">Seguir leyendo<\/a><\/p>\n","protected":false},"author":11,"featured_media":0,"comment_status":"closed","ping_status":"closed","sticky":false,"template":"","format":"standard","meta":{"footnotes":""},"categories":[56,52],"tags":[],"class_list":["post-13304","post","type-post","status-publish","format-standard","hentry","category-actualitat-es","category-para-reflexionar","item-wrap"],"amp_enabled":true,"_links":{"self":[{"href":"https:\/\/smaria.salou.arqtgn.cat\/es\/wp-json\/wp\/v2\/posts\/13304","targetHints":{"allow":["GET"]}}],"collection":[{"href":"https:\/\/smaria.salou.arqtgn.cat\/es\/wp-json\/wp\/v2\/posts"}],"about":[{"href":"https:\/\/smaria.salou.arqtgn.cat\/es\/wp-json\/wp\/v2\/types\/post"}],"author":[{"embeddable":true,"href":"https:\/\/smaria.salou.arqtgn.cat\/es\/wp-json\/wp\/v2\/users\/11"}],"replies":[{"embeddable":true,"href":"https:\/\/smaria.salou.arqtgn.cat\/es\/wp-json\/wp\/v2\/comments?post=13304"}],"version-history":[{"count":1,"href":"https:\/\/smaria.salou.arqtgn.cat\/es\/wp-json\/wp\/v2\/posts\/13304\/revisions"}],"predecessor-version":[{"id":13305,"href":"https:\/\/smaria.salou.arqtgn.cat\/es\/wp-json\/wp\/v2\/posts\/13304\/revisions\/13305"}],"wp:attachment":[{"href":"https:\/\/smaria.salou.arqtgn.cat\/es\/wp-json\/wp\/v2\/media?parent=13304"}],"wp:term":[{"taxonomy":"category","embeddable":true,"href":"https:\/\/smaria.salou.arqtgn.cat\/es\/wp-json\/wp\/v2\/categories?post=13304"},{"taxonomy":"post_tag","embeddable":true,"href":"https:\/\/smaria.salou.arqtgn.cat\/es\/wp-json\/wp\/v2\/tags?post=13304"}],"curies":[{"name":"wp","href":"https:\/\/api.w.org\/{rel}","templated":true}]}}