{"id":13291,"date":"2020-06-07T01:03:27","date_gmt":"2020-06-06T23:03:27","guid":{"rendered":"http:\/\/smaria.salou.arqtgn.cat\/?p=13291"},"modified":"2020-06-07T08:21:31","modified_gmt":"2020-06-07T06:21:31","slug":"un-solo-dios-y-tres-personas","status":"publish","type":"post","link":"https:\/\/smaria.salou.arqtgn.cat\/es\/un-solo-dios-y-tres-personas\/","title":{"rendered":"Un solo Dios y tres personas&#8230;"},"content":{"rendered":"<div id=\"attachment_13288\" style=\"width: 800px\" class=\"wp-caption aligncenter\"><a href=\"https:\/\/view.genial.ly\/5edc19157ffdde0d798c1539\/presentation-santissima-trinitat\" target=\"_blank\" rel=\"noopener noreferrer\"><img loading=\"lazy\" decoding=\"async\" aria-describedby=\"caption-attachment-13288\" class=\"wp-image-13288 size-full\" src=\"http:\/\/smaria.salou.arqtgn.cat\/wp-content\/uploads\/sites\/10\/2020\/06\/Trinitat_w.jpg\" alt=\"\" width=\"800\" height=\"450\" srcset=\"https:\/\/smaria.salou.arqtgn.cat\/wp-content\/uploads\/sites\/10\/2020\/06\/Trinitat_w.jpg 800w, https:\/\/smaria.salou.arqtgn.cat\/wp-content\/uploads\/sites\/10\/2020\/06\/Trinitat_w-300x169.jpg 300w, https:\/\/smaria.salou.arqtgn.cat\/wp-content\/uploads\/sites\/10\/2020\/06\/Trinitat_w-768x432.jpg 768w\" sizes=\"auto, (max-width: 800px) 100vw, 800px\" \/><\/a><p id=\"caption-attachment-13288\" class=\"wp-caption-text\">Clicar encima de la imagen para hacer la catequesis<\/p><\/div>\n<p><strong><br \/>\nSant\u00edsima Trinidad<\/strong><br \/>\nY eso qu\u00e9 es? Clica sobre la imagen y ver\u00e1s dos v\u00eddeos que te ayudar\u00e1n a entenderlo. Eh! que no se trata de entenderlo,\u00a0 <strong>sino de vivirlo.<\/strong><br \/>\nTe ayudar\u00e1 buscar y relacionar en la imagen los s\u00edmbolos de 3 en 3.<br \/>\nFeliz domingo!<\/p>\n","protected":false},"excerpt":{"rendered":"<p>Sant\u00edsima Trinidad Y eso qu\u00e9 es? Clica sobre la imagen y ver\u00e1s dos v\u00eddeos que te ayudar\u00e1n a entenderlo. Eh! que no se trata de entenderlo,\u00a0 sino de vivirlo. Te ayudar\u00e1 buscar y relacionar en la imagen los s\u00edmbolos de 3 en 3. Feliz domingo!<\/p>\n","protected":false},"author":11,"featured_media":0,"comment_status":"closed","ping_status":"closed","sticky":false,"template":"","format":"standard","meta":{"footnotes":""},"categories":[50,54,49],"tags":[],"class_list":["post-13291","post","type-post","status-publish","format-standard","hentry","category-catequesis","category-el-evangelio-en-imagenes","category-preparando-el-domingo","item-wrap"],"amp_enabled":true,"_links":{"self":[{"href":"https:\/\/smaria.salou.arqtgn.cat\/es\/wp-json\/wp\/v2\/posts\/13291","targetHints":{"allow":["GET"]}}],"collection":[{"href":"https:\/\/smaria.salou.arqtgn.cat\/es\/wp-json\/wp\/v2\/posts"}],"about":[{"href":"https:\/\/smaria.salou.arqtgn.cat\/es\/wp-json\/wp\/v2\/types\/post"}],"author":[{"embeddable":true,"href":"https:\/\/smaria.salou.arqtgn.cat\/es\/wp-json\/wp\/v2\/users\/11"}],"replies":[{"embeddable":true,"href":"https:\/\/smaria.salou.arqtgn.cat\/es\/wp-json\/wp\/v2\/comments?post=13291"}],"version-history":[{"count":2,"href":"https:\/\/smaria.salou.arqtgn.cat\/es\/wp-json\/wp\/v2\/posts\/13291\/revisions"}],"predecessor-version":[{"id":13294,"href":"https:\/\/smaria.salou.arqtgn.cat\/es\/wp-json\/wp\/v2\/posts\/13291\/revisions\/13294"}],"wp:attachment":[{"href":"https:\/\/smaria.salou.arqtgn.cat\/es\/wp-json\/wp\/v2\/media?parent=13291"}],"wp:term":[{"taxonomy":"category","embeddable":true,"href":"https:\/\/smaria.salou.arqtgn.cat\/es\/wp-json\/wp\/v2\/categories?post=13291"},{"taxonomy":"post_tag","embeddable":true,"href":"https:\/\/smaria.salou.arqtgn.cat\/es\/wp-json\/wp\/v2\/tags?post=13291"}],"curies":[{"name":"wp","href":"https:\/\/api.w.org\/{rel}","templated":true}]}}