{"id":13282,"date":"2020-06-05T16:34:41","date_gmt":"2020-06-05T14:34:41","guid":{"rendered":"http:\/\/smaria.salou.arqtgn.cat\/?p=13282"},"modified":"2020-06-05T16:34:41","modified_gmt":"2020-06-05T14:34:41","slug":"santisima-trinidad-a-2020","status":"publish","type":"post","link":"https:\/\/smaria.salou.arqtgn.cat\/es\/santisima-trinidad-a-2020\/","title":{"rendered":"Sant\u00edsima Trinidad \/ A \/ 2020"},"content":{"rendered":"<table style=\"height: 99px;width: 97.3345%\">\n<tbody>\n<tr style=\"height: 256px\">\n<td style=\"height: 99px;width: 62.0879%\">\n<p><div id=\"attachment_12902\" style=\"width: 241px\" class=\"wp-caption aligncenter\"><a href=\"https:\/\/www.lecturesmissa.arquebisbattarragona.cat\/\" target=\"_blank\" rel=\"noopener noreferrer\"><img loading=\"lazy\" decoding=\"async\" aria-describedby=\"caption-attachment-12902\" class=\"wp-image-12902\" src=\"https:\/\/3.bp.blogspot.com\/-3Cq2uME-0T4\/WSA802pu_fI\/AAAAAAAAEoI\/1Qdk_fRh1W4kTtBgdeATyWHL1dzZffvJACLcB\/s1600\/Icono%2BTrinidad.jpg\" alt=\"\" width=\"241\" height=\"302\" \/><\/a><p id=\"caption-attachment-12902\" class=\"wp-caption-text\">Leer\u00a0 la Palabra de Dios<\/p><\/div><\/td>\n<td style=\"height: 99px;width: 37.6374%;text-align: center\">\n<p><div id=\"attachment_5183\" style=\"width: 197px\" class=\"wp-caption aligncenter\"><a href=\"http:\/\/www.esglesiadetarragona.cat\/wp-content\/uploads\/2020\/06\/hd3665.pdf\" target=\"_blank\" rel=\"noopener noreferrer\"><img loading=\"lazy\" decoding=\"async\" aria-describedby=\"caption-attachment-5183\" class=\"wp-image-5183\" src=\"https:\/\/www.arquebisbattarragona.cat\/wp-content\/uploads\/2018\/12\/full2.jpg?sequence=3&amp;isAllowed=y?\" alt=\"\" width=\"197\" height=\"186\" \/><\/a><p id=\"caption-attachment-5183\" class=\"wp-caption-text\">Leer la Hoja Dominical<\/p><\/div><\/td>\n<\/tr>\n<\/tbody>\n<\/table>\n<p>[youtube https:\/\/www.youtube.com\/watch?v=b-lyBFeTPEA]<\/p>\n<p>&nbsp;<\/p>\n<p>[youtube https:\/\/www.youtube.com\/watch?v=ZNNZF-Cspcw]<\/p>\n<p>&nbsp;<\/p>\n<h3><span style=\"color: #ff6600\"><strong>Lectura Espiritu<\/strong>al<\/span><\/h3>\n<p style=\"text-align: justify\">El Esp\u00edritu divino invade nuestra masa cerebral y se manifiesta en la realidad creada. Cuando es enviado al alma para santificarla, puede llevar a cabo una acci\u00f3n superior, manifestando\u00a0 \u0336 se trata de un Ser espiritual \u0336\u00a0 su ser propio. Su ser propio consiste en el Amor Sustancial que une al Padre y al Hijo de modo que, cuando nos habita, nos permite amar al Padre como lo ama el Hijo, y amar al Hijo como lo ama el Padre.<\/p>\n<p style=\"text-align: justify\">La expresi\u00f3n hebrea para designar al Esp\u00edritu Santo es <em>ruach<\/em>, que significa viento o soplo. Pero \u00c9l no nos ense\u00f1a a decir <em>ruach<\/em>, sino <em>abb\u00e1, Padre. <\/em>Y tambi\u00e9n nos ense\u00f1a a decir<em> Maran-at\u00e1<\/em>, ven, Se\u00f1or Jes\u00fas. No se revela a S\u00ed mismo, sino que nos hace dirigirnos al Padre como hijos y dirigirnos al Hijo como Aquel que viene a hacerse uno con nosotros, tomando posesi\u00f3n de nuestro ser.<\/p>\n<p style=\"text-align: justify\">Nosotros oramos siguiendo las se\u00f1alizaciones de Jes\u00fas, el Gran Orante, y \u00c9l oraba a su Padre. La misericordia divina ha querido dejarnos algunas de las expansiones filiales del Coraz\u00f3n de Cristo, especialmente la que sigui\u00f3 a la \u00daltima Cena y que recoge san Juan a partir del cap\u00edtulo 13 de su evangelio.<\/p>\n<p style=\"text-align: justify\">Y como estamos llamados a imitarlo, a ser otros cristos, el mismo Cristo, debemos intentar como \u00c9l una comunicaci\u00f3n filial. El t\u00edtulo teol\u00f3gico central de Jes\u00fas es <em>Hijo. <\/em>En esa palabra se resume la realidad nuclear de su existencia. La orientaci\u00f3n de su vida, el arraigo y la meta que lo marcaron tiene su expresi\u00f3n particular: <em>Abba, Padre.<\/em><\/p>\n<p style=\"text-align: justify\">Jes\u00fas jam\u00e1s se sinti\u00f3 solo, como a veces nosotros nos sentimos al olvidar nuestra propia relaci\u00f3n de filiaci\u00f3n. Desde la primera expresi\u00f3n recogida en los Evangelios, hasta el \u00faltimo aliento en la Cruz, \u00c9l estuvo permanentemente dirigido hacia el Otro, al que llamaba su Padre.<\/p>\n<p style=\"text-align: justify\">Quiz\u00e1 por eso la ni\u00f1ez ocupa un lugar tan destacado en la predicaci\u00f3n del Se\u00f1or: <em>Les aseguro que si no cambian y se hacen como ni\u00f1os, no entrar\u00e1n en el reino de los cielos.<\/em> Para Jes\u00fas, la infancia no es tan solo un estado transitorio de la vida que luego desaparece sin dejar huella. No, en la infancia se realiza a tal grado lo espec\u00edfico de la realidad humana que est\u00e1 perdido quien desconoce la condici\u00f3n esencial de la ni\u00f1ez.<\/p>\n<p style=\"text-align: justify\">Y es que la ni\u00f1ez tiene profunda correspondencia con el m\u00e1s hondo misterio de Cristo, con su filiaci\u00f3n. Su dignidad m\u00e1s alta, la que remite a su divinidad, no es en \u00faltimo t\u00e9rmino un poder que en \u00c9l comienza y en \u00c9l termina, sino que lo recibe del Padre. Ser ni\u00f1o en el sentido que Jes\u00fas invita es aprender a decir <em>Padre<\/em>, con la hondura y la conciencia del que es el Unig\u00e9nito. Y nosotros, que vivimos la misma vida del Hijo, encontramos aqu\u00ed la raz\u00f3n que hace imposible entrar en el reino de los cielos a quien no se haga ni\u00f1o, a quien no dependa del Padre.<\/p>\n<p style=\"text-align: right\">Ricardo Sada; <em>Consejos para la oraci\u00f3n mental<\/em><\/p>\n","protected":false},"excerpt":{"rendered":"<p>[youtube https:\/\/www.youtube.com\/watch?v=b-lyBFeTPEA] &nbsp; [youtube https:\/\/www.youtube.com\/watch?v=ZNNZF-Cspcw] &nbsp; Lectura Espiritual El Esp\u00edritu divino invade nuestra masa cerebral y se manifiesta en la realidad creada. Cuando es enviado al alma para santificarla, puede llevar a cabo una acci\u00f3n superior, manifestando\u00a0 \u0336 se trata de un Ser espiritual \u0336\u00a0 su ser propio. Su ser propio consiste en el Amor &hellip; <\/p>\n<p><a class=\"more-link btn\" href=\"https:\/\/smaria.salou.arqtgn.cat\/es\/santisima-trinidad-a-2020\/\">Seguir leyendo<\/a><\/p>\n","protected":false},"author":11,"featured_media":0,"comment_status":"closed","ping_status":"closed","sticky":false,"template":"","format":"standard","meta":{"footnotes":""},"categories":[52,49],"tags":[],"class_list":["post-13282","post","type-post","status-publish","format-standard","hentry","category-para-reflexionar","category-preparando-el-domingo","item-wrap"],"amp_enabled":true,"_links":{"self":[{"href":"https:\/\/smaria.salou.arqtgn.cat\/es\/wp-json\/wp\/v2\/posts\/13282","targetHints":{"allow":["GET"]}}],"collection":[{"href":"https:\/\/smaria.salou.arqtgn.cat\/es\/wp-json\/wp\/v2\/posts"}],"about":[{"href":"https:\/\/smaria.salou.arqtgn.cat\/es\/wp-json\/wp\/v2\/types\/post"}],"author":[{"embeddable":true,"href":"https:\/\/smaria.salou.arqtgn.cat\/es\/wp-json\/wp\/v2\/users\/11"}],"replies":[{"embeddable":true,"href":"https:\/\/smaria.salou.arqtgn.cat\/es\/wp-json\/wp\/v2\/comments?post=13282"}],"version-history":[{"count":2,"href":"https:\/\/smaria.salou.arqtgn.cat\/es\/wp-json\/wp\/v2\/posts\/13282\/revisions"}],"predecessor-version":[{"id":13284,"href":"https:\/\/smaria.salou.arqtgn.cat\/es\/wp-json\/wp\/v2\/posts\/13282\/revisions\/13284"}],"wp:attachment":[{"href":"https:\/\/smaria.salou.arqtgn.cat\/es\/wp-json\/wp\/v2\/media?parent=13282"}],"wp:term":[{"taxonomy":"category","embeddable":true,"href":"https:\/\/smaria.salou.arqtgn.cat\/es\/wp-json\/wp\/v2\/categories?post=13282"},{"taxonomy":"post_tag","embeddable":true,"href":"https:\/\/smaria.salou.arqtgn.cat\/es\/wp-json\/wp\/v2\/tags?post=13282"}],"curies":[{"name":"wp","href":"https:\/\/api.w.org\/{rel}","templated":true}]}}