{"id":13272,"date":"2020-06-05T00:19:55","date_gmt":"2020-06-04T22:19:55","guid":{"rendered":"http:\/\/smaria.salou.arqtgn.cat\/?p=13272"},"modified":"2020-06-05T00:25:43","modified_gmt":"2020-06-04T22:25:43","slug":"el-video-del-papa-junio-de-2020-compasion-por-el-mundo","status":"publish","type":"post","link":"https:\/\/smaria.salou.arqtgn.cat\/es\/el-video-del-papa-junio-de-2020-compasion-por-el-mundo\/","title":{"rendered":"El video del Papa, junio de 2020. Compasi\u00f3n por el mundo"},"content":{"rendered":"<p>[youtube https:\/\/www.youtube.com\/watch?v=YT7-md8-SA8]<\/p>\n<p style=\"text-align: justify\">Muchas personas sufren en el mundo. No solamente por el Hecho de la pandemia que vivimos. Como Dijo Francisco el mes Pasado, tambi\u00e9n miedo Otras pandemias, como \u00abla pandemia de las guerras, del hambre y Muchas Otras\u00bb (14.05.2020). \u00bfQu\u00e9 Podemos hacer? \u00bfC\u00f3mo no caer en la indiferencia? El Papa nos Muestra el camino: la compasi\u00f3n. Se la mejor Ayuda que Podemos ofrecerles, con Nuestra oraci\u00f3n y vida, acerc\u00e1ndoles al Coraz\u00f3n de Jes\u00fas para que \u00c9l puedo transformar sobre vidas.<\/p>\n<p style=\"text-align: justify\">\u00abMuchas personas sufren por las gravas dificultades que padec\u00eda.<\/p>\n<p style=\"text-align: justify\">Nosotros Podemos ayudarlas acompa\u00f1\u00e1ndolas por un camino Llena de compasi\u00f3n, que transforma la vida de las personas y los Sobre el Coraz\u00f3n de Cristo que nos Acoge a todos en la revoluci\u00f3n de la ternura.<\/p>\n<p style=\"text-align: justify\">Recemos para que Aquellos que sufren Encuentro caminos de vida, dejandose tocar miedo el Coraz\u00f3n de Jes\u00fas. \u00ab<\/p>\n<p>&nbsp;<\/p>\n<p><img loading=\"lazy\" decoding=\"async\" class=\"aligncenter size-full\" src=\"https:\/\/thepopevideo.org\/wp-content\/uploads\/2020\/06\/Infografia-TPV-6-2020-ES-El-Video-del-Papa-Compasio%CC%81n-por-el-mundo.jpg\" width=\"800\" height=\"3094\" \/><\/p>\n<p><span class=\"style-scope yt-formatted-string\" dir=\"auto\">El Video del Papa difunde cada mes las intenciones de oraci\u00f3n del Santo Padre por los desaf\u00edos de la humanidad y de la misi\u00f3n de la Iglesia. <\/span><\/p>\n<p><span class=\"style-scope yt-formatted-string\" dir=\"auto\">Por la Red Mundial de Oraci\u00f3n del Papa (Apostolado de la Oraci\u00f3n) <\/span><a class=\"yt-simple-endpoint style-scope yt-formatted-string\" href=\"https:\/\/www.youtube.com\/redirect?q=https%3A%2F%2Fwww.popesprayer.va%2Fes%2F&amp;v=v53gQWgrYCA&amp;event=video_description&amp;redir_token=gdGjLefQjjgemyt8YIFKh2CKuOx8MTU4ODg0MDY5M0AxNTg4NzU0Mjkz\" target=\"_blank\" rel=\"nofollow noopener noreferrer\">https:\/\/www.popesprayer.va\/es\/<\/a><\/p>\n<p>&nbsp;<\/p>\n","protected":false},"excerpt":{"rendered":"<p>[youtube https:\/\/www.youtube.com\/watch?v=YT7-md8-SA8] Muchas personas sufren en el mundo. No solamente por el Hecho de la pandemia que vivimos. Como Dijo Francisco el mes Pasado, tambi\u00e9n miedo Otras pandemias, como \u00abla pandemia de las guerras, del hambre y Muchas Otras\u00bb (14.05.2020). \u00bfQu\u00e9 Podemos hacer? \u00bfC\u00f3mo no caer en la indiferencia? El Papa nos Muestra el camino: &hellip; <\/p>\n<p><a class=\"more-link btn\" href=\"https:\/\/smaria.salou.arqtgn.cat\/es\/el-video-del-papa-junio-de-2020-compasion-por-el-mundo\/\">Seguir leyendo<\/a><\/p>\n","protected":false},"author":11,"featured_media":0,"comment_status":"closed","ping_status":"closed","sticky":false,"template":"","format":"standard","meta":{"footnotes":""},"categories":[52],"tags":[70],"class_list":["post-13272","post","type-post","status-publish","format-standard","hentry","category-para-reflexionar","tag-el-video-del-papa-es","item-wrap"],"amp_enabled":true,"_links":{"self":[{"href":"https:\/\/smaria.salou.arqtgn.cat\/es\/wp-json\/wp\/v2\/posts\/13272","targetHints":{"allow":["GET"]}}],"collection":[{"href":"https:\/\/smaria.salou.arqtgn.cat\/es\/wp-json\/wp\/v2\/posts"}],"about":[{"href":"https:\/\/smaria.salou.arqtgn.cat\/es\/wp-json\/wp\/v2\/types\/post"}],"author":[{"embeddable":true,"href":"https:\/\/smaria.salou.arqtgn.cat\/es\/wp-json\/wp\/v2\/users\/11"}],"replies":[{"embeddable":true,"href":"https:\/\/smaria.salou.arqtgn.cat\/es\/wp-json\/wp\/v2\/comments?post=13272"}],"version-history":[{"count":3,"href":"https:\/\/smaria.salou.arqtgn.cat\/es\/wp-json\/wp\/v2\/posts\/13272\/revisions"}],"predecessor-version":[{"id":13276,"href":"https:\/\/smaria.salou.arqtgn.cat\/es\/wp-json\/wp\/v2\/posts\/13272\/revisions\/13276"}],"wp:attachment":[{"href":"https:\/\/smaria.salou.arqtgn.cat\/es\/wp-json\/wp\/v2\/media?parent=13272"}],"wp:term":[{"taxonomy":"category","embeddable":true,"href":"https:\/\/smaria.salou.arqtgn.cat\/es\/wp-json\/wp\/v2\/categories?post=13272"},{"taxonomy":"post_tag","embeddable":true,"href":"https:\/\/smaria.salou.arqtgn.cat\/es\/wp-json\/wp\/v2\/tags?post=13272"}],"curies":[{"name":"wp","href":"https:\/\/api.w.org\/{rel}","templated":true}]}}