{"id":13259,"date":"2020-06-02T07:32:12","date_gmt":"2020-06-02T05:32:12","guid":{"rendered":"http:\/\/smaria.salou.arqtgn.cat\/?p=13259"},"modified":"2020-06-04T16:30:07","modified_gmt":"2020-06-04T14:30:07","slug":"la-memoria-grafica-de-caritas-interparroquial-de-salou-2019","status":"publish","type":"post","link":"https:\/\/smaria.salou.arqtgn.cat\/es\/la-memoria-grafica-de-caritas-interparroquial-de-salou-2019\/","title":{"rendered":"La memoria gr\u00e1fica de C\u00e1ritas Interparroquial de Salou 2019"},"content":{"rendered":"<p>C\u00e1ritas Interparroquial de Salou ha elaborado una memoria gr\u00e1fica recogida en este v\u00eddeo. En \u00e9l se recogen con im\u00e1genes las actuaciones que se han hecho durante el a\u00f1o 2019 en los diferentes proyectos que se est\u00e1n llevando a cabo en Salou.<\/p>\n<p>El v\u00eddeo adem\u00e1s de ser un recurso para dar a conocer las actuaciones de C\u00e1ritas Interparroquial, quiere ser tambi\u00e9n un reconocimiento a los m\u00e1s de 30 voluntarios que colaboran como tambi\u00e9n agradecer a todos aquellos an\u00f3nimos que d\u00eda a d\u00eda nos \u00ab<strong>ayudan a ayudar<\/strong>\u00bb .<\/p>\n<p>[youtube https:\/\/www.youtube.com\/watch?v=zGR0G2T3yjQ]<\/p>\n","protected":false},"excerpt":{"rendered":"<p>C\u00e1ritas Interparroquial de Salou ha elaborado una memoria gr\u00e1fica recogida en este v\u00eddeo. En \u00e9l se recogen con im\u00e1genes las actuaciones que se han hecho durante el a\u00f1o 2019 en los diferentes proyectos que se est\u00e1n llevando a cabo en Salou. El v\u00eddeo adem\u00e1s de ser un recurso para dar a conocer las actuaciones de &hellip; <\/p>\n<p><a class=\"more-link btn\" href=\"https:\/\/smaria.salou.arqtgn.cat\/es\/la-memoria-grafica-de-caritas-interparroquial-de-salou-2019\/\">Seguir leyendo<\/a><\/p>\n","protected":false},"author":11,"featured_media":0,"comment_status":"closed","ping_status":"closed","sticky":false,"template":"","format":"standard","meta":{"footnotes":""},"categories":[56,57],"tags":[],"class_list":["post-13259","post","type-post","status-publish","format-standard","hentry","category-actualitat-es","category-caritas-interparroquial-es-2","item-wrap"],"amp_enabled":true,"_links":{"self":[{"href":"https:\/\/smaria.salou.arqtgn.cat\/es\/wp-json\/wp\/v2\/posts\/13259","targetHints":{"allow":["GET"]}}],"collection":[{"href":"https:\/\/smaria.salou.arqtgn.cat\/es\/wp-json\/wp\/v2\/posts"}],"about":[{"href":"https:\/\/smaria.salou.arqtgn.cat\/es\/wp-json\/wp\/v2\/types\/post"}],"author":[{"embeddable":true,"href":"https:\/\/smaria.salou.arqtgn.cat\/es\/wp-json\/wp\/v2\/users\/11"}],"replies":[{"embeddable":true,"href":"https:\/\/smaria.salou.arqtgn.cat\/es\/wp-json\/wp\/v2\/comments?post=13259"}],"version-history":[{"count":2,"href":"https:\/\/smaria.salou.arqtgn.cat\/es\/wp-json\/wp\/v2\/posts\/13259\/revisions"}],"predecessor-version":[{"id":13261,"href":"https:\/\/smaria.salou.arqtgn.cat\/es\/wp-json\/wp\/v2\/posts\/13259\/revisions\/13261"}],"wp:attachment":[{"href":"https:\/\/smaria.salou.arqtgn.cat\/es\/wp-json\/wp\/v2\/media?parent=13259"}],"wp:term":[{"taxonomy":"category","embeddable":true,"href":"https:\/\/smaria.salou.arqtgn.cat\/es\/wp-json\/wp\/v2\/categories?post=13259"},{"taxonomy":"post_tag","embeddable":true,"href":"https:\/\/smaria.salou.arqtgn.cat\/es\/wp-json\/wp\/v2\/tags?post=13259"}],"curies":[{"name":"wp","href":"https:\/\/api.w.org\/{rel}","templated":true}]}}