{"id":12806,"date":"2020-03-29T14:04:24","date_gmt":"2020-03-29T12:04:24","guid":{"rendered":"http:\/\/smaria.salou.arqtgn.cat\/?p=12806"},"modified":"2020-03-29T16:03:34","modified_gmt":"2020-03-29T14:03:34","slug":"deja-que-jesus-de-vida-a-la-tu-vida","status":"publish","type":"post","link":"https:\/\/smaria.salou.arqtgn.cat\/es\/deja-que-jesus-de-vida-a-la-tu-vida\/","title":{"rendered":"Deja que Jes\u00fas de VIDA a tu vida"},"content":{"rendered":"<div id=\"attachment_12802\" style=\"width: 800px\" class=\"wp-caption aligncenter\"><a href=\"https:\/\/view.genial.ly\/5e7f851050a0310d8c2923a0\/interactive-content-05qa20\" target=\"_blank\" rel=\"noopener noreferrer\"><img loading=\"lazy\" decoding=\"async\" aria-describedby=\"caption-attachment-12802\" class=\"wp-image-12802 size-full\" src=\"http:\/\/smaria.salou.arqtgn.cat\/wp-content\/uploads\/sites\/10\/2020\/03\/05_Q_A_20.jpg\" alt=\"\" width=\"800\" height=\"459\" srcset=\"https:\/\/smaria.salou.arqtgn.cat\/wp-content\/uploads\/sites\/10\/2020\/03\/05_Q_A_20.jpg 800w, https:\/\/smaria.salou.arqtgn.cat\/wp-content\/uploads\/sites\/10\/2020\/03\/05_Q_A_20-300x172.jpg 300w, https:\/\/smaria.salou.arqtgn.cat\/wp-content\/uploads\/sites\/10\/2020\/03\/05_Q_A_20-768x441.jpg 768w\" sizes=\"auto, (max-width: 800px) 100vw, 800px\" \/><\/a><p id=\"caption-attachment-12802\" class=\"wp-caption-text\">Clicar encima de la image para hacer la catequesis \u00abon line\u00bb<\/p><\/div>\n<p>Gracias Se\u00f1or de la Vida, que has puesto en nosotros las semillas m\u00e1s hermosas i la riqueza que has depositado en nuestro interior.<\/p>\n<p>Gracias Se\u00f1or de la Vida porqu\u00e9 sentimos como crece junto a Ti nuestra ilusi\u00f3n, nuestra fuerza y alegr\u00eda<\/p>\n<p>Gracias Se\u00f1or de la Vida, porque cada d\u00eda que empezamos, nos das muchas oportunidades para hacer cosas buenas.<\/p>\n<p>Gracias Se\u00f1or de la Vida, porque nos invitas a que nosotros, con nuestro amor, llenemos de vida a los que est\u00e1n junto a nosotros.<\/p>\n<p>Gracias Se\u00f1or Jes\u00fas, porque has vencido a la muerte y nos llamas a vivir a tu lado felices para siempre.<\/p>\n<p>&nbsp;<\/p>\n<p><a href=\"https:\/\/view.genial.ly\/5e7f851050a0310d8c2923a0\/interactive-content-05qa20\" target=\"_blank\" rel=\"noopener noreferrer\">\u00a0<\/a><\/p>\n","protected":false},"excerpt":{"rendered":"<p>Gracias Se\u00f1or de la Vida, que has puesto en nosotros las semillas m\u00e1s hermosas i la riqueza que has depositado en nuestro interior. Gracias Se\u00f1or de la Vida porqu\u00e9 sentimos como crece junto a Ti nuestra ilusi\u00f3n, nuestra fuerza y alegr\u00eda Gracias Se\u00f1or de la Vida, porque cada d\u00eda que empezamos, nos das muchas oportunidades &hellip; <\/p>\n<p><a class=\"more-link btn\" href=\"https:\/\/smaria.salou.arqtgn.cat\/es\/deja-que-jesus-de-vida-a-la-tu-vida\/\">Seguir leyendo<\/a><\/p>\n","protected":false},"author":11,"featured_media":0,"comment_status":"closed","ping_status":"closed","sticky":false,"template":"","format":"standard","meta":{"footnotes":""},"categories":[50,54],"tags":[],"class_list":["post-12806","post","type-post","status-publish","format-standard","hentry","category-catequesis","category-el-evangelio-en-imagenes","item-wrap"],"amp_enabled":true,"_links":{"self":[{"href":"https:\/\/smaria.salou.arqtgn.cat\/es\/wp-json\/wp\/v2\/posts\/12806","targetHints":{"allow":["GET"]}}],"collection":[{"href":"https:\/\/smaria.salou.arqtgn.cat\/es\/wp-json\/wp\/v2\/posts"}],"about":[{"href":"https:\/\/smaria.salou.arqtgn.cat\/es\/wp-json\/wp\/v2\/types\/post"}],"author":[{"embeddable":true,"href":"https:\/\/smaria.salou.arqtgn.cat\/es\/wp-json\/wp\/v2\/users\/11"}],"replies":[{"embeddable":true,"href":"https:\/\/smaria.salou.arqtgn.cat\/es\/wp-json\/wp\/v2\/comments?post=12806"}],"version-history":[{"count":2,"href":"https:\/\/smaria.salou.arqtgn.cat\/es\/wp-json\/wp\/v2\/posts\/12806\/revisions"}],"predecessor-version":[{"id":12809,"href":"https:\/\/smaria.salou.arqtgn.cat\/es\/wp-json\/wp\/v2\/posts\/12806\/revisions\/12809"}],"wp:attachment":[{"href":"https:\/\/smaria.salou.arqtgn.cat\/es\/wp-json\/wp\/v2\/media?parent=12806"}],"wp:term":[{"taxonomy":"category","embeddable":true,"href":"https:\/\/smaria.salou.arqtgn.cat\/es\/wp-json\/wp\/v2\/categories?post=12806"},{"taxonomy":"post_tag","embeddable":true,"href":"https:\/\/smaria.salou.arqtgn.cat\/es\/wp-json\/wp\/v2\/tags?post=12806"}],"curies":[{"name":"wp","href":"https:\/\/api.w.org\/{rel}","templated":true}]}}