{"id":12475,"date":"2020-02-18T00:06:26","date_gmt":"2020-02-17T23:06:26","guid":{"rendered":"http:\/\/smaria.salou.arqtgn.cat\/?p=12475"},"modified":"2020-02-22T00:07:25","modified_gmt":"2020-02-21T23:07:25","slug":"los-jovenes-participan-en-el-festival-de-clipmetrajes-de-mans-unides","status":"publish","type":"post","link":"https:\/\/smaria.salou.arqtgn.cat\/es\/los-jovenes-participan-en-el-festival-de-clipmetrajes-de-mans-unides\/","title":{"rendered":"Los j\u00f3venes participan en el Festival de Clipmetrajes de Mans Unides"},"content":{"rendered":"<p style=\"text-align: justify\"><img loading=\"lazy\" decoding=\"async\" class=\"aligncenter size-full wp-image-12469\" src=\"http:\/\/smaria.salou.arqtgn.cat\/wp-content\/uploads\/sites\/10\/2020\/02\/web_arm_lio.jpg\" alt=\"\" width=\"702\" height=\"863\" srcset=\"https:\/\/smaria.salou.arqtgn.cat\/wp-content\/uploads\/sites\/10\/2020\/02\/web_arm_lio.jpg 702w, https:\/\/smaria.salou.arqtgn.cat\/wp-content\/uploads\/sites\/10\/2020\/02\/web_arm_lio-244x300.jpg 244w\" sizes=\"auto, (max-width: 702px) 100vw, 702px\" \/><span class=\"tlid-translation translation\" lang=\"es\"><span title=\"\">\u00ab<\/span><strong><span title=\"\">Armando<\/span> <span title=\"\">lio<\/span><\/strong><span title=\"\">\u00ab<\/span><span title=\"\">,<\/span> <span title=\"\">con<\/span> <span title=\"\">aquet<\/span> <span title=\"\">nombre del grupo<\/span> <span title=\"\">de WhatsApp<\/span> <span title=\"\">de los j\u00f3venes<\/span> <span title=\"\">de<\/span> <span title=\"\">la parroquia,<\/span> <span title=\"\">han participado<\/span> <span title=\"\">en el Festival<\/span> <span title=\"\">de <em>Clipmetrajes<\/em><\/span><em> <span title=\"\">de<\/span> <span title=\"\">Manos<\/span> <span title=\"\">Unidas<\/span><\/em> <span title=\"\">en<\/span> <span title=\"\">este a\u00f1o<\/span><span title=\"\">, que<\/span> <span title=\"\">con el tema de<\/span> <span title=\"\">trabajar la<\/span> <span title=\"\">concienciaci\u00f3n<\/span> <span title=\"\">en el cambio<\/span> <span title=\"\">clim\u00e1tico<\/span><span title=\"\">,<\/span> <span title=\"\">ha llevado<\/span> <span title=\"\">el t\u00edtulo \u00ab<\/span><strong><span title=\"\">T\u00fa<\/span><span title=\"\">,<\/span> <span title=\"\">\u00bf<\/span><span title=\"\">qu\u00e9<\/span> <span title=\"\">huellas<\/span> <span title=\"\">dejas<\/span><span title=\"\">?<\/span><\/strong><span title=\"\">\u00ab<\/span> <span title=\"\">El t\u00edtulo<\/span> <span title=\"\">del v\u00eddeo<\/span> <span title=\"\">que han presentado<\/span> <span title=\"\">es \u00ab<\/span><strong><em><span title=\"\">Reacciona<\/span><\/em><\/strong><span title=\"\">!<\/span><span title=\"\">\u00ab<\/span><\/span><\/p>\n<p><span title=\"\">El<\/span> <span class=\"\" title=\"\">j\u00f3venes<\/span> <span title=\"\">se encuentran<\/span> <span title=\"\">habitualmente<\/span> <span title=\"\">el viernes<\/span> <span title=\"\">por la noche<\/span> <span title=\"\">en la parroquia<\/span> <span title=\"\">y<\/span> <span title=\"\">ayudan<\/span> <span class=\"\" title=\"\">regularmente<\/span> <span title=\"\">a<\/span> <span title=\"\">la Tarde<\/span> <span title=\"\">de catequesis<\/span> <span title=\"\">que<\/span> <span class=\"\" title=\"\">se hace<\/span> <span class=\"\" title=\"\">cada quince<\/span> <span class=\"\" title=\"\">d\u00edas el<\/span> <span class=\"\" title=\"\">s\u00e1bado por la tarde<\/span> <span title=\"\">con los ni\u00f1os<\/span> <span title=\"\">y ni\u00f1as<\/span> <span class=\"\" title=\"\">de catequesis<\/span> <span class=\"\" title=\"\">de comuni\u00f3n<\/span><span title=\"\">.<\/span><\/p>\n<p>[youtube https:\/\/www.youtube.com\/watch?v=qjXB2tCko3E]<\/p>\n","protected":false},"excerpt":{"rendered":"<p>\u00abArmando lio\u00ab, con aquet nombre del grupo de WhatsApp de los j\u00f3venes de la parroquia, han participado en el Festival de Clipmetrajes de Manos Unidas en este a\u00f1o, que con el tema de trabajar la concienciaci\u00f3n en el cambio clim\u00e1tico, ha llevado el t\u00edtulo \u00abT\u00fa, \u00bfqu\u00e9 huellas dejas?\u00ab El t\u00edtulo del v\u00eddeo que han presentado &hellip; <\/p>\n<p><a class=\"more-link btn\" href=\"https:\/\/smaria.salou.arqtgn.cat\/es\/los-jovenes-participan-en-el-festival-de-clipmetrajes-de-mans-unides\/\">Seguir leyendo<\/a><\/p>\n","protected":false},"author":11,"featured_media":0,"comment_status":"closed","ping_status":"closed","sticky":false,"template":"","format":"standard","meta":{"footnotes":""},"categories":[50,61],"tags":[],"class_list":["post-12475","post","type-post","status-publish","format-standard","hentry","category-catequesis","category-mans-unides-es","item-wrap"],"amp_enabled":true,"_links":{"self":[{"href":"https:\/\/smaria.salou.arqtgn.cat\/es\/wp-json\/wp\/v2\/posts\/12475","targetHints":{"allow":["GET"]}}],"collection":[{"href":"https:\/\/smaria.salou.arqtgn.cat\/es\/wp-json\/wp\/v2\/posts"}],"about":[{"href":"https:\/\/smaria.salou.arqtgn.cat\/es\/wp-json\/wp\/v2\/types\/post"}],"author":[{"embeddable":true,"href":"https:\/\/smaria.salou.arqtgn.cat\/es\/wp-json\/wp\/v2\/users\/11"}],"replies":[{"embeddable":true,"href":"https:\/\/smaria.salou.arqtgn.cat\/es\/wp-json\/wp\/v2\/comments?post=12475"}],"version-history":[{"count":2,"href":"https:\/\/smaria.salou.arqtgn.cat\/es\/wp-json\/wp\/v2\/posts\/12475\/revisions"}],"predecessor-version":[{"id":12477,"href":"https:\/\/smaria.salou.arqtgn.cat\/es\/wp-json\/wp\/v2\/posts\/12475\/revisions\/12477"}],"wp:attachment":[{"href":"https:\/\/smaria.salou.arqtgn.cat\/es\/wp-json\/wp\/v2\/media?parent=12475"}],"wp:term":[{"taxonomy":"category","embeddable":true,"href":"https:\/\/smaria.salou.arqtgn.cat\/es\/wp-json\/wp\/v2\/categories?post=12475"},{"taxonomy":"post_tag","embeddable":true,"href":"https:\/\/smaria.salou.arqtgn.cat\/es\/wp-json\/wp\/v2\/tags?post=12475"}],"curies":[{"name":"wp","href":"https:\/\/api.w.org\/{rel}","templated":true}]}}