{"id":12444,"date":"2020-02-12T19:19:01","date_gmt":"2020-02-12T18:19:01","guid":{"rendered":"http:\/\/smaria.salou.arqtgn.cat\/?p=12444"},"modified":"2020-02-14T19:19:14","modified_gmt":"2020-02-14T18:19:14","slug":"eucaristia-de-la-jornada-mundial-del-enfermo-2020","status":"publish","type":"post","link":"https:\/\/smaria.salou.arqtgn.cat\/es\/eucaristia-de-la-jornada-mundial-del-enfermo-2020\/","title":{"rendered":"Eucarist\u00eda de la Jornada Mundial del Enfermo 2020"},"content":{"rendered":"<div style=\"width: 1175px\" class=\"wp-caption aligncenter\"><a href=\"https:\/\/photos.app.goo.gl\/szTQuDfzfgmT4CK89\"><img loading=\"lazy\" decoding=\"async\" src=\"https:\/\/lh3.googleusercontent.com\/If3QWeZ07_WLk4HBdtw5UzXngqCP8o0rPgfOGT1XHJ1-_ERE6VnWhKYr96GkG3-9fGTVSLeAte-IfsTb5gst3Kdrwy1wb3CGuVAHQ9ntmhSbI7KKXqgajACip8Yi_bJb_1BzELPQr7dzvr6NzmDeVgEXK6anf3moY85GXiszAF_p3cgKAu0wZRn2v2rBr74KxKl6Ithmwe5ylwceoNlzFWMtizvRPoldl7b49U8_02uoSvU33ZggFGoI25tjGkRnhJAJwVBavXAifb4hDBnuHxtlmJk2G-dt1ztt-WxvfBEwRga9D-tN7jn2Ras9DKiX3pX5mzpRAuexxkQNDcbMoFs49Xz0QUwaFrMet1bg4c0MLzYapP4C1DQrvW7MD8zntbrfsBME37QQWkMBNnnXw9CNoOVPTO-GKlss6XYXUhtQQOvVHZFmvPr3HUxGKOv9fm2wu8t_rUelc7S5_vLIS_7K7hHLZZhS4rRthq_CFlheXaxZ5ZbYnL04bceTt8WqtrY186mSek8NP_HGzsY2NOn2cy3MbY0s-6ZT-2zE-jl5zWnmCIIsIXQi3gNXeEeM5vszNSQl0Gowce4X-pZkun2NYg02Eg46JqY7v8-2Xw18lkG6aXGIPs4x04nfMb1Xn5uvUJfeYpRfJzbbrGjSw7axvzJBcNZ2zsnH4McPme91IHu7mn8hoMk=w1175-h879-no\" alt=\"Cliqueu damunt la imatge per veure el reportatge gr\u00e0fica\" width=\"1175\" height=\"878\" \/><\/a><p class=\"wp-caption-text\">Clicar en la imagen para ver el reportaje gr\u00e1fico.<\/p><\/div>\n<p style=\"text-align: justify\">Este domingo 10 de febrero, en a misa de las 10h en Santa Maria del Mar, celebramos la Jornada Mundial del Enfermo que fue el martes 11 de febrero festividad de la Virgen de Lourdes y que tiene como lema \u00abAcompa\u00f1ar en la soledad \u00ab.<\/p>\n<p style=\"text-align: justify\">La Eucarist\u00eda fue preparada y dinamizada por el equipo de la Pastoral de la Salud que se presentaron y estrenaron como coral, amenizando todos los cantos de la misa, tambi\u00e9n se encargaron de las lecturas, oraciones, ofrendas, etc.<\/p>\n<p style=\"text-align: justify\">La eucarist\u00eda fue bastante concurrida ya que previamente se hab\u00eda anunciado, y tambi\u00e9n se hab\u00eda coordinado y ayudado en el desplazamiento de aquellas personas con dificultad de movilidad y de autonom\u00eda. La eucarist\u00eda que fue muy participada por todos los asistentes cre\u00e1ndose un muy buen ambiente y emocionante. Al final se reparti\u00f3 un recordatorio con una la oraci\u00f3n del enfermo.<\/p>\n<p>Clicar <a href=\"https:\/\/photos.app.goo.gl\/szTQuDfzfgmT4CK89\" target=\"_blank\" rel=\"noopener noreferrer\">aqu\u00ed<\/a> para ver las fotos de la celebraci\u00f3n.<\/p>\n","protected":false},"excerpt":{"rendered":"<p>Este domingo 10 de febrero, en a misa de las 10h en Santa Maria del Mar, celebramos la Jornada Mundial del Enfermo que fue el martes 11 de febrero festividad de la Virgen de Lourdes y que tiene como lema \u00abAcompa\u00f1ar en la soledad \u00ab. La Eucarist\u00eda fue preparada y dinamizada por el equipo de &hellip; <\/p>\n<p><a class=\"more-link btn\" href=\"https:\/\/smaria.salou.arqtgn.cat\/es\/eucaristia-de-la-jornada-mundial-del-enfermo-2020\/\">Seguir leyendo<\/a><\/p>\n","protected":false},"author":11,"featured_media":0,"comment_status":"closed","ping_status":"closed","sticky":false,"template":"","format":"standard","meta":{"footnotes":""},"categories":[55,64],"tags":[],"class_list":["post-12444","post","type-post","status-publish","format-standard","hentry","category-pastoral-de-la-salud","category-vida-parroquial-es","item-wrap"],"amp_enabled":true,"_links":{"self":[{"href":"https:\/\/smaria.salou.arqtgn.cat\/es\/wp-json\/wp\/v2\/posts\/12444","targetHints":{"allow":["GET"]}}],"collection":[{"href":"https:\/\/smaria.salou.arqtgn.cat\/es\/wp-json\/wp\/v2\/posts"}],"about":[{"href":"https:\/\/smaria.salou.arqtgn.cat\/es\/wp-json\/wp\/v2\/types\/post"}],"author":[{"embeddable":true,"href":"https:\/\/smaria.salou.arqtgn.cat\/es\/wp-json\/wp\/v2\/users\/11"}],"replies":[{"embeddable":true,"href":"https:\/\/smaria.salou.arqtgn.cat\/es\/wp-json\/wp\/v2\/comments?post=12444"}],"version-history":[{"count":3,"href":"https:\/\/smaria.salou.arqtgn.cat\/es\/wp-json\/wp\/v2\/posts\/12444\/revisions"}],"predecessor-version":[{"id":12448,"href":"https:\/\/smaria.salou.arqtgn.cat\/es\/wp-json\/wp\/v2\/posts\/12444\/revisions\/12448"}],"wp:attachment":[{"href":"https:\/\/smaria.salou.arqtgn.cat\/es\/wp-json\/wp\/v2\/media?parent=12444"}],"wp:term":[{"taxonomy":"category","embeddable":true,"href":"https:\/\/smaria.salou.arqtgn.cat\/es\/wp-json\/wp\/v2\/categories?post=12444"},{"taxonomy":"post_tag","embeddable":true,"href":"https:\/\/smaria.salou.arqtgn.cat\/es\/wp-json\/wp\/v2\/tags?post=12444"}],"curies":[{"name":"wp","href":"https:\/\/api.w.org\/{rel}","templated":true}]}}