{"id":12427,"date":"2020-02-14T07:03:32","date_gmt":"2020-02-14T06:03:32","guid":{"rendered":"http:\/\/smaria.salou.arqtgn.cat\/?p=12427"},"modified":"2020-02-14T07:04:10","modified_gmt":"2020-02-14T06:04:10","slug":"querida-amazonia-nueva-exhortacion-apostolica-del-papa-francisco","status":"publish","type":"post","link":"https:\/\/smaria.salou.arqtgn.cat\/es\/querida-amazonia-nueva-exhortacion-apostolica-del-papa-francisco\/","title":{"rendered":"\u00abQuerida Amazonia\u00bb, nueva Exhortaci\u00f3n apost\u00f3lica del Papa Francisco"},"content":{"rendered":"<p style=\"text-align: justify\"><img loading=\"lazy\" decoding=\"async\" class=\"aligncenter size-full\" src=\"https:\/\/www.arquebisbattarragona.cat\/wp-content\/uploads\/bfi_thumb\/franciscopuertomaldonado-ol20rxwrqgwn9sp3r5v6yn16nnxxu0pfbvbsoa4zt4.jpeg\" width=\"1100\" height=\"340\" \/><\/p>\n<p style=\"text-align: justify\">El Santo Padre Francisco ha hecho p\u00fablica este mi\u00e9rcoles, d\u00eda 12 de febrero, la Exhortaci\u00f3n apost\u00f3lica post-sinodal <a href=\"http:\/\/w2.vatican.va\/content\/francesco\/es\/apost_exhortations\/documents\/papa-francesco_esortazione-ap_20200202_querida-amazonia.html\" target=\"_blank\" rel=\"noopener noreferrer\"><em>Querida Amazonia<\/em><\/a>, dirigida a todos el pueblo de Dios y todas las personas de buena voluntad. Esta Exhortaci\u00f3n, la quinta de su pontificado, se estructura en cuatro cap\u00edtulos que concretan el car\u00e1cter de los grandes sue\u00f1os del Papa Francisco para la Amazonia: social, cultural, ecol\u00f3gico y eclesial.<\/p>\n<p style=\"text-align: justify\">Este documento es fruto de la <a href=\"http:\/\/www.sinodoamazonico.va\/content\/sinodoamazonico\/es.html\" target=\"_blank\" rel=\"noopener noreferrer\">Asamblea especial del S\u00ednodo de los obispos<\/a> celebrada del 6 al 27 de octubre pasado en Roma centrada en la regi\u00f3n Panamaz\u00f2nica -un territorio de cerca de 34 millones de habitantes de los que m\u00e1s de tres millones son ind\u00edgenas- que llev\u00f3 por tema \u00abNuevos caminos para la Iglesia y para una ecolog\u00eda integral\u00bb.<\/p>\n<p style=\"text-align: justify\">\u00abCon esta Exhortaci\u00f3n\u00bb, afirma el Papa Francisco al inicio del documento, \u00abquiero expresar las resonancias que han provocado en m\u00ed este camino de di\u00e1logo y discernimiento. [\u2026] S\u00f3lo deseo aportar un breve marco de reflexi\u00f3n que encarne en la realidad amaz\u00f3nica una s\u00edntesis de algunas grandes preocupaciones que ya expres\u00e9 en mis documentos anteriores y que ayude y oriente a una armoniosa, creativa y fruct\u00edfera recepci\u00f3n de todo camino sinodal\u00bb.<\/p>\n<p style=\"text-align: justify\">A continuaci\u00f3n ofrecemos un extracto en 30 citas de la nueva Exhortaci\u00f3n apost\u00f3lica postsinodal del Papa Francisco publicada este mi\u00e9rcoles d\u00eda 12 de febrer. Clicar <a href=\"https:\/\/www.arquebisbattarragona.cat\/news\/els-grans-somnis-del-papa-francesc-per-a-lamazonia-en-trenta-cites\/\" target=\"_blank\" rel=\"noopener noreferrer\">aqu\u00ed<\/a> encima para leerlas.<\/p>\n","protected":false},"excerpt":{"rendered":"<p>El Santo Padre Francisco ha hecho p\u00fablica este mi\u00e9rcoles, d\u00eda 12 de febrero, la Exhortaci\u00f3n apost\u00f3lica post-sinodal Querida Amazonia, dirigida a todos el pueblo de Dios y todas las personas de buena voluntad. Esta Exhortaci\u00f3n, la quinta de su pontificado, se estructura en cuatro cap\u00edtulos que concretan el car\u00e1cter de los grandes sue\u00f1os del Papa &hellip; <\/p>\n<p><a class=\"more-link btn\" href=\"https:\/\/smaria.salou.arqtgn.cat\/es\/querida-amazonia-nueva-exhortacion-apostolica-del-papa-francisco\/\">Seguir leyendo<\/a><\/p>\n","protected":false},"author":11,"featured_media":0,"comment_status":"closed","ping_status":"closed","sticky":false,"template":"","format":"standard","meta":{"footnotes":""},"categories":[56,52],"tags":[],"class_list":["post-12427","post","type-post","status-publish","format-standard","hentry","category-actualitat-es","category-para-reflexionar","item-wrap"],"amp_enabled":true,"_links":{"self":[{"href":"https:\/\/smaria.salou.arqtgn.cat\/es\/wp-json\/wp\/v2\/posts\/12427","targetHints":{"allow":["GET"]}}],"collection":[{"href":"https:\/\/smaria.salou.arqtgn.cat\/es\/wp-json\/wp\/v2\/posts"}],"about":[{"href":"https:\/\/smaria.salou.arqtgn.cat\/es\/wp-json\/wp\/v2\/types\/post"}],"author":[{"embeddable":true,"href":"https:\/\/smaria.salou.arqtgn.cat\/es\/wp-json\/wp\/v2\/users\/11"}],"replies":[{"embeddable":true,"href":"https:\/\/smaria.salou.arqtgn.cat\/es\/wp-json\/wp\/v2\/comments?post=12427"}],"version-history":[{"count":2,"href":"https:\/\/smaria.salou.arqtgn.cat\/es\/wp-json\/wp\/v2\/posts\/12427\/revisions"}],"predecessor-version":[{"id":12429,"href":"https:\/\/smaria.salou.arqtgn.cat\/es\/wp-json\/wp\/v2\/posts\/12427\/revisions\/12429"}],"wp:attachment":[{"href":"https:\/\/smaria.salou.arqtgn.cat\/es\/wp-json\/wp\/v2\/media?parent=12427"}],"wp:term":[{"taxonomy":"category","embeddable":true,"href":"https:\/\/smaria.salou.arqtgn.cat\/es\/wp-json\/wp\/v2\/categories?post=12427"},{"taxonomy":"post_tag","embeddable":true,"href":"https:\/\/smaria.salou.arqtgn.cat\/es\/wp-json\/wp\/v2\/tags?post=12427"}],"curies":[{"name":"wp","href":"https:\/\/api.w.org\/{rel}","templated":true}]}}