{"id":12411,"date":"2020-02-09T07:06:55","date_gmt":"2020-02-09T06:06:55","guid":{"rendered":"http:\/\/smaria.salou.arqtgn.cat\/?p=12411"},"modified":"2020-02-09T07:06:55","modified_gmt":"2020-02-09T06:06:55","slug":"dejemos-iluminar-por-jesus-para-dar-gusto-a-nuestra-vida-y-a-la-de-los-demas","status":"publish","type":"post","link":"https:\/\/smaria.salou.arqtgn.cat\/es\/dejemos-iluminar-por-jesus-para-dar-gusto-a-nuestra-vida-y-a-la-de-los-demas\/","title":{"rendered":"Dejemos iluminar por Jes\u00fas para dar gusto a nuestra vida y a la de los dem\u00e1s"},"content":{"rendered":"<p><img loading=\"lazy\" decoding=\"async\" class=\"aligncenter size-full wp-image-12409\" src=\"http:\/\/smaria.salou.arqtgn.cat\/wp-content\/uploads\/sites\/10\/2020\/02\/05_A_20_w.jpg\" alt=\"\" width=\"800\" height=\"565\" srcset=\"https:\/\/smaria.salou.arqtgn.cat\/wp-content\/uploads\/sites\/10\/2020\/02\/05_A_20_w.jpg 800w, https:\/\/smaria.salou.arqtgn.cat\/wp-content\/uploads\/sites\/10\/2020\/02\/05_A_20_w-300x212.jpg 300w, https:\/\/smaria.salou.arqtgn.cat\/wp-content\/uploads\/sites\/10\/2020\/02\/05_A_20_w-768x542.jpg 768w\" sizes=\"auto, (max-width: 800px) 100vw, 800px\" \/><\/p>\n<p>Gracias Jes\u00fas por contar con nosotros para que seamos como la sal que va poniendo sabor en la vida de los que nos rodean con gestos de ternura, de comprensi\u00f3n, de humor.<\/p>\n<p>Gracias Jes\u00fas porque tu ejemplo nos ayuda en nuestro compromiso de servicio a los dem\u00e1s y a mejorar el mundo.<\/p>\n<p>Gracias Jes\u00fas porque nos ayudar a ser luz que ilumina todo lo que estaba en la oscuridad con nuestras palabras, con las buenas obras, irradiando gozo y paz, esperanza y optimismo.<\/p>\n<p>Gracias Jes\u00fas por ser nuestra Luz que aviva nuestra fe. Qu\u00e9date con nosotros, para iluminar, como t\u00fa iluminas.<\/p>\n","protected":false},"excerpt":{"rendered":"<p>Gracias Jes\u00fas por contar con nosotros para que seamos como la sal que va poniendo sabor en la vida de los que nos rodean con gestos de ternura, de comprensi\u00f3n, de humor. Gracias Jes\u00fas porque tu ejemplo nos ayuda en nuestro compromiso de servicio a los dem\u00e1s y a mejorar el mundo. Gracias Jes\u00fas porque &hellip; <\/p>\n<p><a class=\"more-link btn\" href=\"https:\/\/smaria.salou.arqtgn.cat\/es\/dejemos-iluminar-por-jesus-para-dar-gusto-a-nuestra-vida-y-a-la-de-los-demas\/\">Seguir leyendo<\/a><\/p>\n","protected":false},"author":11,"featured_media":0,"comment_status":"closed","ping_status":"closed","sticky":false,"template":"","format":"standard","meta":{"footnotes":""},"categories":[50,54,49],"tags":[],"class_list":["post-12411","post","type-post","status-publish","format-standard","hentry","category-catequesis","category-el-evangelio-en-imagenes","category-preparando-el-domingo","item-wrap"],"amp_enabled":true,"_links":{"self":[{"href":"https:\/\/smaria.salou.arqtgn.cat\/es\/wp-json\/wp\/v2\/posts\/12411","targetHints":{"allow":["GET"]}}],"collection":[{"href":"https:\/\/smaria.salou.arqtgn.cat\/es\/wp-json\/wp\/v2\/posts"}],"about":[{"href":"https:\/\/smaria.salou.arqtgn.cat\/es\/wp-json\/wp\/v2\/types\/post"}],"author":[{"embeddable":true,"href":"https:\/\/smaria.salou.arqtgn.cat\/es\/wp-json\/wp\/v2\/users\/11"}],"replies":[{"embeddable":true,"href":"https:\/\/smaria.salou.arqtgn.cat\/es\/wp-json\/wp\/v2\/comments?post=12411"}],"version-history":[{"count":1,"href":"https:\/\/smaria.salou.arqtgn.cat\/es\/wp-json\/wp\/v2\/posts\/12411\/revisions"}],"predecessor-version":[{"id":12412,"href":"https:\/\/smaria.salou.arqtgn.cat\/es\/wp-json\/wp\/v2\/posts\/12411\/revisions\/12412"}],"wp:attachment":[{"href":"https:\/\/smaria.salou.arqtgn.cat\/es\/wp-json\/wp\/v2\/media?parent=12411"}],"wp:term":[{"taxonomy":"category","embeddable":true,"href":"https:\/\/smaria.salou.arqtgn.cat\/es\/wp-json\/wp\/v2\/categories?post=12411"},{"taxonomy":"post_tag","embeddable":true,"href":"https:\/\/smaria.salou.arqtgn.cat\/es\/wp-json\/wp\/v2\/tags?post=12411"}],"curies":[{"name":"wp","href":"https:\/\/api.w.org\/{rel}","templated":true}]}}