{"id":12112,"date":"2019-12-19T08:09:03","date_gmt":"2019-12-19T07:09:03","guid":{"rendered":"http:\/\/smaria.salou.arqtgn.cat\/?p=12112"},"modified":"2019-12-28T08:09:46","modified_gmt":"2019-12-28T07:09:46","slug":"cena-parroquial-navidena","status":"publish","type":"post","link":"https:\/\/smaria.salou.arqtgn.cat\/es\/cena-parroquial-navidena\/","title":{"rendered":"Cena parroquial navide\u00f1a"},"content":{"rendered":"<p style=\"text-align: justify\"><a href=\"https:\/\/lh3.googleusercontent.com\/Lcg_btINB219cqIa7r8wk5jPxp_EOV25tPFAnUWpaJawgmtN2YUXE0YvTTfd-X6Ss1oMAzhWK42mezOOpVZhoU7G1DDYjKvehDUH-JWXWti2hP0otiJrgER7rQ4uO4FN8wT5l3oapBGJ-v1zIN50h6esyt1A7zNaBMIhBm5khVMo-z1J3PWNva6I_8WOdH_QdU3RnSaKnYTlOjFr6hU7LRD6JLLWCmkelR7HKQc6GJnpqJMSBBxIEPfPDMBBhYpF3f_nfzmhvtrQvBSWV6gtzrraxwl0vmQlWtc7yUo53JSohVvXWWX4P0HsRq3vTq_0ZBh8BDsuafxTibkgDoTxflWi09aiO9PtMaTQiOaptgBUZAae1hcCUbPETD4Lvu6h8BpLiru0c9gc0Kki3gP5vyJHToHs-iHEyJ8ldacwM1xooghMKXafufrEfvqqkz1gd6Y0qx8PRFBw2JPexbCWaGYxsvRS4z57_b5iEuzxCAjdpddwOdmmsgor9lcOKfeH_4nrJoKGExQ9zkZGjz-ZKCKl-96UODeusDmWedjqYcnSMmTUP9kOHffPG3i46dC3SeAi-jhq5j8OFpxEAW47QR0HDAqhi_6EfFNQJvUQhSpqHX6LqI7Y5b_NFgoO84F256qlxUairI-_eyR4aqHefXqxrQeh1WjOLA_Tl2WWfFuqAlDZk7juuH4=w1445-h903-no\"><img loading=\"lazy\" decoding=\"async\" class=\"alignnone size-full\" src=\"https:\/\/lh3.googleusercontent.com\/Lcg_btINB219cqIa7r8wk5jPxp_EOV25tPFAnUWpaJawgmtN2YUXE0YvTTfd-X6Ss1oMAzhWK42mezOOpVZhoU7G1DDYjKvehDUH-JWXWti2hP0otiJrgER7rQ4uO4FN8wT5l3oapBGJ-v1zIN50h6esyt1A7zNaBMIhBm5khVMo-z1J3PWNva6I_8WOdH_QdU3RnSaKnYTlOjFr6hU7LRD6JLLWCmkelR7HKQc6GJnpqJMSBBxIEPfPDMBBhYpF3f_nfzmhvtrQvBSWV6gtzrraxwl0vmQlWtc7yUo53JSohVvXWWX4P0HsRq3vTq_0ZBh8BDsuafxTibkgDoTxflWi09aiO9PtMaTQiOaptgBUZAae1hcCUbPETD4Lvu6h8BpLiru0c9gc0Kki3gP5vyJHToHs-iHEyJ8ldacwM1xooghMKXafufrEfvqqkz1gd6Y0qx8PRFBw2JPexbCWaGYxsvRS4z57_b5iEuzxCAjdpddwOdmmsgor9lcOKfeH_4nrJoKGExQ9zkZGjz-ZKCKl-96UODeusDmWedjqYcnSMmTUP9kOHffPG3i46dC3SeAi-jhq5j8OFpxEAW47QR0HDAqhi_6EfFNQJvUQhSpqHX6LqI7Y5b_NFgoO84F256qlxUairI-_eyR4aqHefXqxrQeh1WjOLA_Tl2WWfFuqAlDZk7juuH4=w1445-h903-no\" width=\"1445\" height=\"903\" \/><\/a><\/p>\n<p style=\"text-align: justify\">El\u00a0mi\u00e9rcoles 18 de diciembre un grupo de 32\u00a0personas, todas ellas participantes de\u00a0la vida y actividades de las dos parroquias (Catequistas, Pastoral de la Salud, C\u00e1ritas, Consejo Pastoral, Manos Unidas), se reunieron para cenar en el Restaurant \u00abPizzeria Venus\u00bb, como viene siendo tradicional por estas fechas, en un ambiente de buena armon\u00eda y\u00a0fraternidad, en torno a una mesa compartiendo una sencillo pero apetitoso men\u00fa que pudimos saborear y\u00a0deleitar entre charlas, comentarios y cantos.<\/p>\n<p style=\"text-align: justify\"><a href=\"https:\/\/lh3.googleusercontent.com\/566rPAwi8ojbEy3rBT1-Yka5WnoYA6Bnfz-LCvvq7bBoLZLWwsAZU1eCCWQ1xsWBOwkzyuwrbIZFGUVG9hHRxrHlwkUOJU4u3OVdGZt9p2_iPc7DgbkQ2P5DG4bDq-9uGBY4RK7GO6CH_eY0HXZUz-kAjq_s_MO_27CV7w_W3XelVitRy7gnKWTlqePfPvCIp-GQdRPanNlZS7aeqIA0lmQZrkSekZm7ApvNAmT2X2V8B9fin7vcDeE2_Nhz1Twm6j5cX5HMqloDx6E_T7_rYK1Te9etvpaQ-so8yoJBQWO8R9riT3QwS4EvERBgZNAxeQu-6IbZ5SglA0iKeXZ2DedMcTQKRuPdCT-Zlxbe2UWI5_Pdba-2lBRp1eFmNsXoZAOsj0vDI8t-rzA9RzJN0qqKmL98Y7htg11EwRUVMaKSXeMS77rpOh3VvWOlFxjFJyWlpXjPNyjCROx27nTfVeCsg_lyAwyTVtIWxcXecinANS8UNp5cG8IhnMwLjMqvIxnlS8p_UK1VIAHjlC-jnmcBWyCZh9iU-U9yXzW7t1hy3yiYte5Lmayh1N1zc9i2X4iOFyPUO6Ne_VL09zVu6XvkhFkRIJTbrUuoRJdAGB3RqI74oodvyKMNikoPnsVvHgID-DMz68gX8wz0ESfLQvC82X_XSZHOkmhzWD8_A8cpPDmp-Q3ustI=w1208-h903-no\"><img loading=\"lazy\" decoding=\"async\" class=\"alignnone size-full\" src=\"https:\/\/lh3.googleusercontent.com\/566rPAwi8ojbEy3rBT1-Yka5WnoYA6Bnfz-LCvvq7bBoLZLWwsAZU1eCCWQ1xsWBOwkzyuwrbIZFGUVG9hHRxrHlwkUOJU4u3OVdGZt9p2_iPc7DgbkQ2P5DG4bDq-9uGBY4RK7GO6CH_eY0HXZUz-kAjq_s_MO_27CV7w_W3XelVitRy7gnKWTlqePfPvCIp-GQdRPanNlZS7aeqIA0lmQZrkSekZm7ApvNAmT2X2V8B9fin7vcDeE2_Nhz1Twm6j5cX5HMqloDx6E_T7_rYK1Te9etvpaQ-so8yoJBQWO8R9riT3QwS4EvERBgZNAxeQu-6IbZ5SglA0iKeXZ2DedMcTQKRuPdCT-Zlxbe2UWI5_Pdba-2lBRp1eFmNsXoZAOsj0vDI8t-rzA9RzJN0qqKmL98Y7htg11EwRUVMaKSXeMS77rpOh3VvWOlFxjFJyWlpXjPNyjCROx27nTfVeCsg_lyAwyTVtIWxcXecinANS8UNp5cG8IhnMwLjMqvIxnlS8p_UK1VIAHjlC-jnmcBWyCZh9iU-U9yXzW7t1hy3yiYte5Lmayh1N1zc9i2X4iOFyPUO6Ne_VL09zVu6XvkhFkRIJTbrUuoRJdAGB3RqI74oodvyKMNikoPnsVvHgID-DMz68gX8wz0ESfLQvC82X_XSZHOkmhzWD8_A8cpPDmp-Q3ustI=w1208-h903-no\" width=\"1207\" height=\"903\" \/><\/a><\/p>\n<p style=\"text-align: justify\">Despu\u00e9s de los postres, mos\u00e9n Josep Mar\u00eda que junto mos\u00e9n Santi presid\u00edan la mesa,\u00a0que facilit\u00f3 letra y m\u00fasica para que\u00a0nadie quedar\u00e1 sin participar, se cantaron animadamente villancicos, dando esa nota festiva y a la vez de esperanza, propios del tiempo de Adviento de preparaci\u00f3n del camino y la llegada del Se\u00f1or en breves d\u00edas.<\/p>\n<p style=\"text-align: justify\">Y hablando de\u00a0preparar\u2026,\u00a0como final de fiesta, una peque\u00f1a interpretaci\u00f3n por parte de los\/as catequistas presentes,\u00a0imitando a los ni\u00f1os que semanalmente participan de la catequesis y formaci\u00f3n cristiana, cantamos i interpretamos \u00abEl Se\u00f1or est\u00e1 cerca, preparemos el camino&#8230;\u00bb.<\/p>\n<p>Y\u00a0para muestra un bot\u00f3n del buen ambiente que\u00a0durante la cena nos acompa\u00f1\u00f3.<\/p>\n","protected":false},"excerpt":{"rendered":"<p>El\u00a0mi\u00e9rcoles 18 de diciembre un grupo de 32\u00a0personas, todas ellas participantes de\u00a0la vida y actividades de las dos parroquias (Catequistas, Pastoral de la Salud, C\u00e1ritas, Consejo Pastoral, Manos Unidas), se reunieron para cenar en el Restaurant \u00abPizzeria Venus\u00bb, como viene siendo tradicional por estas fechas, en un ambiente de buena armon\u00eda y\u00a0fraternidad, en torno a &hellip; <\/p>\n<p><a class=\"more-link btn\" href=\"https:\/\/smaria.salou.arqtgn.cat\/es\/cena-parroquial-navidena\/\">Seguir leyendo<\/a><\/p>\n","protected":false},"author":11,"featured_media":0,"comment_status":"closed","ping_status":"closed","sticky":false,"template":"","format":"standard","meta":{"footnotes":""},"categories":[64],"tags":[],"class_list":["post-12112","post","type-post","status-publish","format-standard","hentry","category-vida-parroquial-es","item-wrap"],"amp_enabled":true,"_links":{"self":[{"href":"https:\/\/smaria.salou.arqtgn.cat\/es\/wp-json\/wp\/v2\/posts\/12112","targetHints":{"allow":["GET"]}}],"collection":[{"href":"https:\/\/smaria.salou.arqtgn.cat\/es\/wp-json\/wp\/v2\/posts"}],"about":[{"href":"https:\/\/smaria.salou.arqtgn.cat\/es\/wp-json\/wp\/v2\/types\/post"}],"author":[{"embeddable":true,"href":"https:\/\/smaria.salou.arqtgn.cat\/es\/wp-json\/wp\/v2\/users\/11"}],"replies":[{"embeddable":true,"href":"https:\/\/smaria.salou.arqtgn.cat\/es\/wp-json\/wp\/v2\/comments?post=12112"}],"version-history":[{"count":2,"href":"https:\/\/smaria.salou.arqtgn.cat\/es\/wp-json\/wp\/v2\/posts\/12112\/revisions"}],"predecessor-version":[{"id":12131,"href":"https:\/\/smaria.salou.arqtgn.cat\/es\/wp-json\/wp\/v2\/posts\/12112\/revisions\/12131"}],"wp:attachment":[{"href":"https:\/\/smaria.salou.arqtgn.cat\/es\/wp-json\/wp\/v2\/media?parent=12112"}],"wp:term":[{"taxonomy":"category","embeddable":true,"href":"https:\/\/smaria.salou.arqtgn.cat\/es\/wp-json\/wp\/v2\/categories?post=12112"},{"taxonomy":"post_tag","embeddable":true,"href":"https:\/\/smaria.salou.arqtgn.cat\/es\/wp-json\/wp\/v2\/tags?post=12112"}],"curies":[{"name":"wp","href":"https:\/\/api.w.org\/{rel}","templated":true}]}}