{"id":11858,"date":"2019-11-10T00:19:31","date_gmt":"2019-11-09T23:19:31","guid":{"rendered":"http:\/\/smaria.salou.arqtgn.cat\/?p=11858"},"modified":"2019-11-10T00:19:31","modified_gmt":"2019-11-09T23:19:31","slug":"para-nuestro-padre-siempre-estamos-vivos-no-morimos-nunca","status":"publish","type":"post","link":"https:\/\/smaria.salou.arqtgn.cat\/es\/para-nuestro-padre-siempre-estamos-vivos-no-morimos-nunca\/","title":{"rendered":"Para nuestro PADRE, siempre estamos VIVOS, no morimos nunca"},"content":{"rendered":"<p><img loading=\"lazy\" decoding=\"async\" class=\"aligncenter size-full wp-image-11854\" src=\"http:\/\/smaria.salou.arqtgn.cat\/wp-content\/uploads\/sites\/10\/2019\/11\/32_O_C.jpg\" alt=\"\" width=\"800\" height=\"565\" srcset=\"https:\/\/smaria.salou.arqtgn.cat\/wp-content\/uploads\/sites\/10\/2019\/11\/32_O_C.jpg 800w, https:\/\/smaria.salou.arqtgn.cat\/wp-content\/uploads\/sites\/10\/2019\/11\/32_O_C-300x212.jpg 300w, https:\/\/smaria.salou.arqtgn.cat\/wp-content\/uploads\/sites\/10\/2019\/11\/32_O_C-768x542.jpg 768w\" sizes=\"auto, (max-width: 800px) 100vw, 800px\" \/><\/p>\n<p>Se\u00f1or de la Vida, no s\u00e9 c\u00f3mo ser\u00e1 la nueva tierra, y vivo en ese empe\u00f1o.<\/p>\n<p>No s\u00e9 c\u00f3mo ser\u00e1n los cielos nuevos, y con esa esperanza me desvivo.<\/p>\n<p>Pero una cosa s\u00e9, y eso me basta\u2026, que creo en ti, Se\u00f1or y Padre nuestro,<\/p>\n<p>mi roca, mi vida, mi esperanza.<\/p>\n<p>&nbsp;<\/p>\n","protected":false},"excerpt":{"rendered":"<p>Se\u00f1or de la Vida, no s\u00e9 c\u00f3mo ser\u00e1 la nueva tierra, y vivo en ese empe\u00f1o. No s\u00e9 c\u00f3mo ser\u00e1n los cielos nuevos, y con esa esperanza me desvivo. Pero una cosa s\u00e9, y eso me basta\u2026, que creo en ti, Se\u00f1or y Padre nuestro, mi roca, mi vida, mi esperanza. &nbsp;<\/p>\n","protected":false},"author":11,"featured_media":0,"comment_status":"closed","ping_status":"closed","sticky":false,"template":"","format":"standard","meta":{"footnotes":""},"categories":[50,54,49],"tags":[],"class_list":["post-11858","post","type-post","status-publish","format-standard","hentry","category-catequesis","category-el-evangelio-en-imagenes","category-preparando-el-domingo","item-wrap"],"amp_enabled":true,"_links":{"self":[{"href":"https:\/\/smaria.salou.arqtgn.cat\/es\/wp-json\/wp\/v2\/posts\/11858","targetHints":{"allow":["GET"]}}],"collection":[{"href":"https:\/\/smaria.salou.arqtgn.cat\/es\/wp-json\/wp\/v2\/posts"}],"about":[{"href":"https:\/\/smaria.salou.arqtgn.cat\/es\/wp-json\/wp\/v2\/types\/post"}],"author":[{"embeddable":true,"href":"https:\/\/smaria.salou.arqtgn.cat\/es\/wp-json\/wp\/v2\/users\/11"}],"replies":[{"embeddable":true,"href":"https:\/\/smaria.salou.arqtgn.cat\/es\/wp-json\/wp\/v2\/comments?post=11858"}],"version-history":[{"count":1,"href":"https:\/\/smaria.salou.arqtgn.cat\/es\/wp-json\/wp\/v2\/posts\/11858\/revisions"}],"predecessor-version":[{"id":11859,"href":"https:\/\/smaria.salou.arqtgn.cat\/es\/wp-json\/wp\/v2\/posts\/11858\/revisions\/11859"}],"wp:attachment":[{"href":"https:\/\/smaria.salou.arqtgn.cat\/es\/wp-json\/wp\/v2\/media?parent=11858"}],"wp:term":[{"taxonomy":"category","embeddable":true,"href":"https:\/\/smaria.salou.arqtgn.cat\/es\/wp-json\/wp\/v2\/categories?post=11858"},{"taxonomy":"post_tag","embeddable":true,"href":"https:\/\/smaria.salou.arqtgn.cat\/es\/wp-json\/wp\/v2\/tags?post=11858"}],"curies":[{"name":"wp","href":"https:\/\/api.w.org\/{rel}","templated":true}]}}