{"id":11851,"date":"2019-11-09T08:09:42","date_gmt":"2019-11-09T07:09:42","guid":{"rendered":"http:\/\/smaria.salou.arqtgn.cat\/?p=11851"},"modified":"2019-11-09T08:09:42","modified_gmt":"2019-11-09T07:09:42","slug":"encuentro-de-inicio-de-curso-de-los-jovenes-de-nuestra-archiprestado","status":"publish","type":"post","link":"https:\/\/smaria.salou.arqtgn.cat\/es\/encuentro-de-inicio-de-curso-de-los-jovenes-de-nuestra-archiprestado\/","title":{"rendered":"Encuentro de inicio de curso de los j\u00f3venes de nuestra archiprestado"},"content":{"rendered":"<p style=\"text-align: justify\">Este viernes 8 de noviembre, Marisa y Arnau acompa\u00f1ados de Pilar Ruiz y mos\u00e9n Josep M., participaron en el encuentro de inicio de curso de los j\u00f3venes de nuestro arzobispado que tuvo lugar en la ermita de la Mare de D\u00e9u de la Riera en Les Borges del Camp.<\/p>\n<p style=\"text-align: justify\">El encuentro reuni\u00f3 unos 150 j\u00f3venes de nuestras parroquias. Se inici\u00f3 en la parroquia y desde all\u00ed, en procesi\u00f3n, se fue hasta la ermita. Cada uno llevaba un peque\u00f1o farol, que no se pudo encender por culpa del viento que hac\u00eda. Una vez en la ermita de la Virgen de la Riera, se pudo disfrutar de la oportunidad de orar todos juntos por los frutos de este nuevo curso que empieza.<\/p>\n<p style=\"text-align: justify\">A su fin, volvimos hacia el pueblo donde cenamos todos juntos en el pabell\u00f3n municipal. Despu\u00e9s de cenar, para digerir, pudimos jugar al juego de las tazas. A pesar de ser corta, fue un encuentro intensa y divertida.<\/p>\n\n\t\t<style type=\"text\/css\">\n\t\t\t#gallery-1 {\n\t\t\t\tmargin: auto;\n\t\t\t}\n\t\t\t#gallery-1 .gallery-item {\n\t\t\t\tfloat: left;\n\t\t\t\tmargin-top: 10px;\n\t\t\t\ttext-align: center;\n\t\t\t\twidth: 33%;\n\t\t\t}\n\t\t\t#gallery-1 img {\n\t\t\t\tborder: 2px solid #cfcfcf;\n\t\t\t}\n\t\t\t#gallery-1 .gallery-caption {\n\t\t\t\tmargin-left: 0;\n\t\t\t}\n\t\t\t\/* see gallery_shortcode() in wp-includes\/media.php *\/\n\t\t<\/style>\n\t\t<div id='gallery-1' class='gallery galleryid-11851 gallery-columns-3 gallery-size-thumbnail'><dl class='gallery-item'>\n\t\t\t<dt class='gallery-icon portrait'>\n\t\t\t\t<a href='https:\/\/smaria.salou.arqtgn.cat\/es\/defuncio-de-maria-jose-rubio-fernandez\/191108_trob_joves_01-2\/'><img loading=\"lazy\" decoding=\"async\" width=\"150\" height=\"150\" src=\"https:\/\/smaria.salou.arqtgn.cat\/wp-content\/uploads\/sites\/10\/2019\/11\/191108_Trob_Joves_01-150x150.jpg\" class=\"attachment-thumbnail size-thumbnail\" alt=\"\" \/><\/a>\n\t\t\t<\/dt><\/dl><dl class='gallery-item'>\n\t\t\t<dt class='gallery-icon landscape'>\n\t\t\t\t<a href='https:\/\/smaria.salou.arqtgn.cat\/es\/defuncio-de-maria-jose-rubio-fernandez\/191108_trob_joves_02-2\/'><img loading=\"lazy\" decoding=\"async\" width=\"150\" height=\"150\" src=\"https:\/\/smaria.salou.arqtgn.cat\/wp-content\/uploads\/sites\/10\/2019\/11\/191108_Trob_Joves_02-150x150.jpg\" class=\"attachment-thumbnail size-thumbnail\" alt=\"\" \/><\/a>\n\t\t\t<\/dt><\/dl><dl class='gallery-item'>\n\t\t\t<dt class='gallery-icon landscape'>\n\t\t\t\t<a href='https:\/\/smaria.salou.arqtgn.cat\/es\/defuncio-de-maria-jose-rubio-fernandez\/191108_trob_joves_03-2\/'><img loading=\"lazy\" decoding=\"async\" width=\"150\" height=\"150\" src=\"https:\/\/smaria.salou.arqtgn.cat\/wp-content\/uploads\/sites\/10\/2019\/11\/191108_Trob_Joves_03-150x150.jpg\" class=\"attachment-thumbnail size-thumbnail\" alt=\"\" \/><\/a>\n\t\t\t<\/dt><\/dl><br style=\"clear: both\" \/><dl class='gallery-item'>\n\t\t\t<dt class='gallery-icon landscape'>\n\t\t\t\t<a href='https:\/\/smaria.salou.arqtgn.cat\/es\/defuncio-de-maria-jose-rubio-fernandez\/191108_trob_joves_04-2\/'><img loading=\"lazy\" decoding=\"async\" width=\"150\" height=\"150\" src=\"https:\/\/smaria.salou.arqtgn.cat\/wp-content\/uploads\/sites\/10\/2019\/11\/191108_Trob_Joves_04-150x150.jpg\" class=\"attachment-thumbnail size-thumbnail\" alt=\"\" \/><\/a>\n\t\t\t<\/dt><\/dl>\n\t\t\t<br style='clear: both' \/>\n\t\t<\/div>\n\n","protected":false},"excerpt":{"rendered":"<p>Este viernes 8 de noviembre, Marisa y Arnau acompa\u00f1ados de Pilar Ruiz y mos\u00e9n Josep M., participaron en el encuentro de inicio de curso de los j\u00f3venes de nuestro arzobispado que tuvo lugar en la ermita de la Mare de D\u00e9u de la Riera en Les Borges del Camp. El encuentro reuni\u00f3 unos 150 j\u00f3venes &hellip; <\/p>\n<p><a class=\"more-link btn\" href=\"https:\/\/smaria.salou.arqtgn.cat\/es\/encuentro-de-inicio-de-curso-de-los-jovenes-de-nuestra-archiprestado\/\">Seguir leyendo<\/a><\/p>\n","protected":false},"author":11,"featured_media":0,"comment_status":"closed","ping_status":"closed","sticky":false,"template":"","format":"standard","meta":{"footnotes":""},"categories":[50,64],"tags":[],"class_list":["post-11851","post","type-post","status-publish","format-standard","hentry","category-catequesis","category-vida-parroquial-es","item-wrap"],"amp_enabled":true,"_links":{"self":[{"href":"https:\/\/smaria.salou.arqtgn.cat\/es\/wp-json\/wp\/v2\/posts\/11851","targetHints":{"allow":["GET"]}}],"collection":[{"href":"https:\/\/smaria.salou.arqtgn.cat\/es\/wp-json\/wp\/v2\/posts"}],"about":[{"href":"https:\/\/smaria.salou.arqtgn.cat\/es\/wp-json\/wp\/v2\/types\/post"}],"author":[{"embeddable":true,"href":"https:\/\/smaria.salou.arqtgn.cat\/es\/wp-json\/wp\/v2\/users\/11"}],"replies":[{"embeddable":true,"href":"https:\/\/smaria.salou.arqtgn.cat\/es\/wp-json\/wp\/v2\/comments?post=11851"}],"version-history":[{"count":2,"href":"https:\/\/smaria.salou.arqtgn.cat\/es\/wp-json\/wp\/v2\/posts\/11851\/revisions"}],"predecessor-version":[{"id":11853,"href":"https:\/\/smaria.salou.arqtgn.cat\/es\/wp-json\/wp\/v2\/posts\/11851\/revisions\/11853"}],"wp:attachment":[{"href":"https:\/\/smaria.salou.arqtgn.cat\/es\/wp-json\/wp\/v2\/media?parent=11851"}],"wp:term":[{"taxonomy":"category","embeddable":true,"href":"https:\/\/smaria.salou.arqtgn.cat\/es\/wp-json\/wp\/v2\/categories?post=11851"},{"taxonomy":"post_tag","embeddable":true,"href":"https:\/\/smaria.salou.arqtgn.cat\/es\/wp-json\/wp\/v2\/tags?post=11851"}],"curies":[{"name":"wp","href":"https:\/\/api.w.org\/{rel}","templated":true}]}}