{"id":11782,"date":"2019-11-01T17:48:29","date_gmt":"2019-11-01T16:48:29","guid":{"rendered":"http:\/\/smaria.salou.arqtgn.cat\/?p=11782"},"modified":"2019-11-01T17:53:14","modified_gmt":"2019-11-01T16:53:14","slug":"domingo-xxxi-del-tiempo-ordinario-c-2019","status":"publish","type":"post","link":"https:\/\/smaria.salou.arqtgn.cat\/es\/domingo-xxxi-del-tiempo-ordinario-c-2019\/","title":{"rendered":"Domingo XXXI del tiempo ordinario \/ C \/ 2019"},"content":{"rendered":"<table style=\"height: 134px;width: 97.3345%\">\n<tbody>\n<tr style=\"height: 256px\">\n<td style=\"height: 134px;width: 62.0879%\">\n<p><div id=\"attachment_11718\" style=\"width: 212px\" class=\"wp-caption aligncenter\"><a href=\"https:\/\/www.lecturesmissa.arquebisbattarragona.cat\/\" target=\"_blank\" rel=\"noopener noreferrer\"><img loading=\"lazy\" decoding=\"async\" aria-describedby=\"caption-attachment-11718\" class=\"wp-image-11718\" src=\"http:\/\/2.bp.blogspot.com\/-rSyrD3e2fMM\/Uuk2hpdduJI\/AAAAAAAADgg\/bc_UeuKmWr4\/s1600\/sermon+monte.jpg\" alt=\"\" width=\"212\" height=\"179\" \/><\/a><p id=\"caption-attachment-11718\" class=\"wp-caption-text\">Leer la Palabra\u00a0 de Dios<\/p><\/div><\/td>\n<td style=\"height: 134px;width: 37.6374%;text-align: center\">\n<p><div id=\"attachment_5183\" style=\"width: 175px\" class=\"wp-caption aligncenter\"><a href=\"http:\/\/www.esglesiadetarragona.cat\/wp-content\/uploads\/2019\/10\/hd3634.pdf\" target=\"_blank\" rel=\"noopener noreferrer\"><img loading=\"lazy\" decoding=\"async\" aria-describedby=\"caption-attachment-5183\" class=\"wp-image-5183\" src=\"https:\/\/www.arquebisbattarragona.cat\/wp-content\/uploads\/2018\/12\/full2.jpg?sequence=3&amp;isAllowed=y?\" alt=\"\" width=\"175\" height=\"37\" \/><\/a><p id=\"caption-attachment-5183\" class=\"wp-caption-text\">Leer la Hoja Dominical<\/p><\/div><\/td>\n<\/tr>\n<\/tbody>\n<\/table>\n<p>[youtube https:\/\/www.youtube.com\/watch?v=RenPMu9UEf0]<\/p>\n<p>&nbsp;<\/p>\n<p>[youtube https:\/\/www.youtube.com\/watch?v=Yo3Ca7B7zPU]<\/p>\n<h3><\/h3>\n<h3><\/h3>\n<p>&nbsp;<\/p>\n<h3><span style=\"color: #ff6600\">Lectura Espiritual<\/span><\/h3>\n<p class=\"entry-title\"><strong>\u201cLa muerte es la puerta para entrar a la eternidad\u201d<\/strong>, <em>Padre Antonio Rivero.<\/em><\/p>\n<p style=\"text-align: justify\">La muerte permanecer\u00e1 siempre un misterio y un sufrimiento. Pero, como cristianos, vivimos en fe y esperanza. Si tuvi\u00e9ramos suficiente fe, soportar\u00edamos la muerte sin miedo y la acoger\u00edamos como un regreso a la casa del Padre. En nuestra fe no hay lugar para dudar de que en la muerte Dios abandonar\u00e1 a sus gentes, que son obra de sus manos, hechas a su imagen y semejanza, por quienes Cristo muri\u00f3 y resucit\u00f3 de entre los muertos. Dios no nos dejar\u00e1 perecer para siempre. En Cristo tenemos la promesa de Dios de que nosotros resucitaremos tambi\u00e9n de entre los muertos para la gloria y alegr\u00eda eternas. Con esta esperanza ponemos hoy espiritualmente nuestros difuntos en las manos del Dios de vida.<\/p>\n<p>Llegir <a href=\"https:\/\/es.zenit.org\/articles\/padre-antonio-rivero-la-muerte-es-la-puerta-para-entrar-a-la-eternidad\/\" target=\"_blank\" rel=\"noopener noreferrer\">[+]<\/a><\/p>\n<p>&nbsp;<\/p>\n","protected":false},"excerpt":{"rendered":"<p>[youtube https:\/\/www.youtube.com\/watch?v=RenPMu9UEf0] &nbsp; [youtube https:\/\/www.youtube.com\/watch?v=Yo3Ca7B7zPU] &nbsp; Lectura Espiritual \u201cLa muerte es la puerta para entrar a la eternidad\u201d, Padre Antonio Rivero. La muerte permanecer\u00e1 siempre un misterio y un sufrimiento. Pero, como cristianos, vivimos en fe y esperanza. Si tuvi\u00e9ramos suficiente fe, soportar\u00edamos la muerte sin miedo y la acoger\u00edamos como un regreso a la &hellip; <\/p>\n<p><a class=\"more-link btn\" href=\"https:\/\/smaria.salou.arqtgn.cat\/es\/domingo-xxxi-del-tiempo-ordinario-c-2019\/\">Seguir leyendo<\/a><\/p>\n","protected":false},"author":11,"featured_media":0,"comment_status":"closed","ping_status":"closed","sticky":false,"template":"","format":"standard","meta":{"footnotes":""},"categories":[52,49],"tags":[],"class_list":["post-11782","post","type-post","status-publish","format-standard","hentry","category-para-reflexionar","category-preparando-el-domingo","item-wrap"],"amp_enabled":true,"_links":{"self":[{"href":"https:\/\/smaria.salou.arqtgn.cat\/es\/wp-json\/wp\/v2\/posts\/11782","targetHints":{"allow":["GET"]}}],"collection":[{"href":"https:\/\/smaria.salou.arqtgn.cat\/es\/wp-json\/wp\/v2\/posts"}],"about":[{"href":"https:\/\/smaria.salou.arqtgn.cat\/es\/wp-json\/wp\/v2\/types\/post"}],"author":[{"embeddable":true,"href":"https:\/\/smaria.salou.arqtgn.cat\/es\/wp-json\/wp\/v2\/users\/11"}],"replies":[{"embeddable":true,"href":"https:\/\/smaria.salou.arqtgn.cat\/es\/wp-json\/wp\/v2\/comments?post=11782"}],"version-history":[{"count":5,"href":"https:\/\/smaria.salou.arqtgn.cat\/es\/wp-json\/wp\/v2\/posts\/11782\/revisions"}],"predecessor-version":[{"id":11788,"href":"https:\/\/smaria.salou.arqtgn.cat\/es\/wp-json\/wp\/v2\/posts\/11782\/revisions\/11788"}],"wp:attachment":[{"href":"https:\/\/smaria.salou.arqtgn.cat\/es\/wp-json\/wp\/v2\/media?parent=11782"}],"wp:term":[{"taxonomy":"category","embeddable":true,"href":"https:\/\/smaria.salou.arqtgn.cat\/es\/wp-json\/wp\/v2\/categories?post=11782"},{"taxonomy":"post_tag","embeddable":true,"href":"https:\/\/smaria.salou.arqtgn.cat\/es\/wp-json\/wp\/v2\/tags?post=11782"}],"curies":[{"name":"wp","href":"https:\/\/api.w.org\/{rel}","templated":true}]}}