{"id":10982,"date":"2019-06-14T11:02:41","date_gmt":"2019-06-14T09:02:41","guid":{"rendered":"http:\/\/smaria.salou.arqtgn.cat\/?p=10982"},"modified":"2019-06-14T11:02:41","modified_gmt":"2019-06-14T09:02:41","slug":"presentacion-de-la-memoria-de-caritas-diocesana","status":"publish","type":"post","link":"https:\/\/smaria.salou.arqtgn.cat\/es\/presentacion-de-la-memoria-de-caritas-diocesana\/","title":{"rendered":"Presentaci\u00f3n de la memoria de C\u00e0ritas Diocesana"},"content":{"rendered":"<div style=\"width: 1100px\" class=\"wp-caption alignnone\"><img loading=\"lazy\" decoding=\"async\" class=\"size-full\" src=\"https:\/\/www.arquebisbattarragona.cat\/wp-content\/uploads\/bfi_thumb\/p1020133-o99bu237687yu8556f4zi4ywbirr4adnrh83w2hxzc.jpg\" width=\"1100\" height=\"340\" \/><p class=\"wp-caption-text\">Presentaci\u00f3n Memoria de C\u00e0ritas<\/p><\/div>\n<p><a href=\"https:\/\/www.caritasdtarragona.cat\/\" target=\"_blank\" rel=\"noopener noreferrer\">C\u00e1ritas Diocesana de Tarragona<\/a> ha presentado este jueves d\u00eda 13 de junio su memoria anual correspondiente a la acci\u00f3n social desarrollada en toda la archidi\u00f3cesis a lo largo del a\u00f1o 2018. Durante el a\u00f1o pasado atendi\u00f3 directamente <strong>5.549 personas<\/strong>, atenci\u00f3n que llegar a beneficiar a un total de 15.638 personas a trav\u00e9s de alguno de los <strong>26 proyectos<\/strong>. Seg\u00fan C\u00e1ritas Diocesana se trata de una cifra estable respecto al a\u00f1o anterior que muestra que la pobreza se ha enquistado y alerta de que aunque la crisis econ\u00f3mica ha pasado, sus consecuencias contin\u00faan afectando a muchas familias sin ning\u00fan horizonte de mejora.<\/p>\n<p>Este hecho queda constatado en el reciente<a href=\"https:\/\/www.foessa.es\/blog\/viii-informe-foessa-presentacion\/\" target=\"_blank\" rel=\"noopener noreferrer\"> informe FOESSA de C\u00e1ritas Espa\u00f1ola<\/a>, seg\u00fan explic\u00f3 Salvador Gran\u00e9, director de C\u00e1ritas Diocesana de Tarragona. \u00abEl n\u00famero de personas en riesgo de exclusi\u00f3n social en Espa\u00f1a es de 8,5 millones (un 18,4% de la poblaci\u00f3n). De estos, un 4,1 millones son personas en situaci\u00f3n de exclusi\u00f3n social severa y un 1,8 millones de personas se encuentran en una situaci\u00f3n social extremadamente grave\u00bb, afirm\u00f3.<\/p>\n<p>Leer m\u00e1s &#8230; <a href=\"https:\/\/www.arquebisbattarragona.cat\/news\/el-71-de-les-persones-ateses-per-caritas-esta-en-atur-i-busca-feina\/\" target=\"_blank\" rel=\"noopener noreferrer\">[+]<\/a><\/p>\n","protected":false},"excerpt":{"rendered":"<p>C\u00e1ritas Diocesana de Tarragona ha presentado este jueves d\u00eda 13 de junio su memoria anual correspondiente a la acci\u00f3n social desarrollada en toda la archidi\u00f3cesis a lo largo del a\u00f1o 2018. Durante el a\u00f1o pasado atendi\u00f3 directamente 5.549 personas, atenci\u00f3n que llegar a beneficiar a un total de 15.638 personas a trav\u00e9s de alguno de &hellip; <\/p>\n<p><a class=\"more-link btn\" href=\"https:\/\/smaria.salou.arqtgn.cat\/es\/presentacion-de-la-memoria-de-caritas-diocesana\/\">Seguir leyendo<\/a><\/p>\n","protected":false},"author":11,"featured_media":0,"comment_status":"closed","ping_status":"closed","sticky":false,"template":"","format":"standard","meta":{"footnotes":""},"categories":[56,57],"tags":[],"class_list":["post-10982","post","type-post","status-publish","format-standard","hentry","category-actualitat-es","category-caritas-interparroquial-es-2","item-wrap"],"amp_enabled":true,"_links":{"self":[{"href":"https:\/\/smaria.salou.arqtgn.cat\/es\/wp-json\/wp\/v2\/posts\/10982","targetHints":{"allow":["GET"]}}],"collection":[{"href":"https:\/\/smaria.salou.arqtgn.cat\/es\/wp-json\/wp\/v2\/posts"}],"about":[{"href":"https:\/\/smaria.salou.arqtgn.cat\/es\/wp-json\/wp\/v2\/types\/post"}],"author":[{"embeddable":true,"href":"https:\/\/smaria.salou.arqtgn.cat\/es\/wp-json\/wp\/v2\/users\/11"}],"replies":[{"embeddable":true,"href":"https:\/\/smaria.salou.arqtgn.cat\/es\/wp-json\/wp\/v2\/comments?post=10982"}],"version-history":[{"count":2,"href":"https:\/\/smaria.salou.arqtgn.cat\/es\/wp-json\/wp\/v2\/posts\/10982\/revisions"}],"predecessor-version":[{"id":10984,"href":"https:\/\/smaria.salou.arqtgn.cat\/es\/wp-json\/wp\/v2\/posts\/10982\/revisions\/10984"}],"wp:attachment":[{"href":"https:\/\/smaria.salou.arqtgn.cat\/es\/wp-json\/wp\/v2\/media?parent=10982"}],"wp:term":[{"taxonomy":"category","embeddable":true,"href":"https:\/\/smaria.salou.arqtgn.cat\/es\/wp-json\/wp\/v2\/categories?post=10982"},{"taxonomy":"post_tag","embeddable":true,"href":"https:\/\/smaria.salou.arqtgn.cat\/es\/wp-json\/wp\/v2\/tags?post=10982"}],"curies":[{"name":"wp","href":"https:\/\/api.w.org\/{rel}","templated":true}]}}