{"id":10467,"date":"2019-02-22T20:46:47","date_gmt":"2019-02-22T19:46:47","guid":{"rendered":"http:\/\/smaria.salou.arqtgn.cat\/domingo-vii-del-tiempo-ordinario-c-2019\/"},"modified":"2019-02-22T20:46:47","modified_gmt":"2019-02-22T19:46:47","slug":"domingo-vii-del-tiempo-ordinario-c-2019","status":"publish","type":"post","link":"https:\/\/smaria.salou.arqtgn.cat\/es\/domingo-vii-del-tiempo-ordinario-c-2019\/","title":{"rendered":"Domingo VII del tiempo ordinario \/ C \/ 2019"},"content":{"rendered":"<table style=\"height: 134px;width: 739px\">\n<tbody>\n<tr style=\"height: 256px\">\n<td style=\"height: 134px;width: 498.333px\">\n<p><div id=\"attachment_8231\" style=\"width: 272px\" class=\"wp-caption aligncenter\"><a href=\"https:\/\/www.lecturesmissa.arquebisbattarragona.cat\/\" target=\"_blank\" rel=\"noopener noreferrer\"><img loading=\"lazy\" decoding=\"async\" aria-describedby=\"caption-attachment-8231\" class=\"wp-image-8231\" src=\"https:\/\/encrypted-tbn0.gstatic.com\/images?q=tbn:ANd9GcR-lLokkA3yTnX_fyqaSPDPamIslzW6zaRcMvEJqNH0tdeiRCGD\" alt=\"\" width=\"272\" height=\"272\" \/><\/a><p id=\"caption-attachment-8231\" class=\"wp-caption-text\">Palabra de Dios<\/p><\/div><\/td>\n<td style=\"height: 134px;width: 239.867px\">\n<p><div id=\"attachment_5183\" style=\"width: 176px\" class=\"wp-caption aligncenter\"><a href=\"http:\/\/www.esglesiadetarragona.cat\/wp-content\/uploads\/2019\/02\/hd3598Espan%CC%83ol.pdf\" target=\"_blank\" rel=\"noopener noreferrer\"><img loading=\"lazy\" decoding=\"async\" aria-describedby=\"caption-attachment-5183\" class=\"wp-image-5183\" src=\"https:\/\/web.cdn.arqtgn.cat\/wp-content\/uploads\/2018\/12\/full2.jpg?sequence=3&amp;isAllowed=y?\" alt=\"\" width=\"176\" height=\"166\" \/><\/a><p id=\"caption-attachment-5183\" class=\"wp-caption-text\">Leer la Hoja Dominical<\/p><\/div><\/td>\n<\/tr>\n<\/tbody>\n<\/table>\n<p>[youtube https:\/\/www.youtube.com\/watch?v=MoZsS2udPWI]<\/p>\n<p>[youtube https:\/\/www.youtube.com\/watch?v=7yTpyF4cSPw]<\/p>\n<p>&nbsp;<\/p>\n<h3><strong><span style=\"color: #ff6600\">Lectura espiritual<\/span><\/strong><\/h3>\n<p style=\"text-align: justify\"><strong>La oraci\u00f3n del coraz\u00f3n espontanea e ininterrumpida no es m\u00e1s que este \u201ccomprender\u201d la dulzura del esp\u00edritu en lo m\u00e1s \u00edntimo del coraz\u00f3n. <\/strong><\/p>\n<p style=\"text-align: justify\">Seg\u00fan una hermosa expresi\u00f3n de Tom\u00e1s de Celano a prop\u00f3sito de san Francisco de As\u00eds, el hombre as\u00ed transformado por el Esp\u00edritu se ha <strong>transformado en \u201coraci\u00f3n viviente\u201d<\/strong>. La oraci\u00f3n se des intelectualiza para identificarse con todo nuestro ser, <strong>incluso con el f\u00edsico.<\/strong> Es suficiente haberse encontrado alguna vez con uno de estos rostros de monge o de monja pastado totalmente de oraci\u00f3n, para comprender que \u00e9sta puede hacerse cuerpo en nuestro ser.<\/p>\n<p style=\"text-align: justify\">A veces la gente piensa que orar siempre es un asunto complicado y fatigante; para ellos la oraci\u00f3n se superpone a otras actividades y as\u00ed se comprende que sea dif\u00edcil vivir en una divisi\u00f3n psicol\u00f3gica. Pero para aquel que ha recibido el don de la oraci\u00f3n del coraz\u00f3n, <strong>este estado de oraci\u00f3n ininterrumpida es, al contrario, una fuente de liberaci\u00f3n ya que la oraci\u00f3n anima todas sus actividades<\/strong>: pensamientos, deseos, sufrimientos e, incluso, el reposo y los sue\u00f1os.<\/p>\n<p style=\"text-align: justify\">Como dicen los Padres del Oriente: <strong>\u201cCuando tienes mal de muelas, no necesitas recordarlo,<\/strong> ya que el dolor te habita totalmente. Pasa lo mismo con la oraci\u00f3n del coraz\u00f3n, que se infiltra por toda tu existencia\u201d.<\/p>\n<p style=\"text-align: justify\">Es dif\u00edcil hacerlo entender a qui\u00e9n no tiene la m\u00e1s m\u00ednima experiencia, es como si alguien <strong>hablara de la luz a un ciego<\/strong>. Al que habla de la oraci\u00f3n le pasa como a aquel hombre que quiera <strong>escribir un tratado sobre el vino <\/strong>y buscara todo lo que los fil\u00f3sofos y los literatos han escrito sobre la materia; \u00bfpero, qu\u00e9 saben ellos al lado del pobre campesino que lo <strong>bebe cada d\u00eda, ni que no sepa decir nada de \u00e9l?<\/strong><\/p>\n<p style=\"text-align: justify\">Uno percibe el \u201cescalofr\u00edo\u201d de Seraf\u00edn de Sarov. Conversando un d\u00eda con uno de sus disc\u00edpulos atormentado por el problema de la identidad cristiana, \u00e9ste le pidi\u00f3: <strong>\u201c\u00bfCu\u00e1l es el objetivo de la vida cristiana?\u201d \u201cEs la recepci\u00f3n del Esp\u00edritu Santo\u201d,<\/strong> le respondi\u00f3 el santo. Entonces Seraf\u00edn <strong>le hizo entrar en el misterio de la deificaci\u00f3n (transfiguraci\u00f3n) y los dos se encontraron dentro de una resplandeciente claridad.<\/strong><\/p>\n<p style=\"text-align: justify\">\u201c\u00bfQu\u00e9 sientes ahora?\u201d pregunta el P. Seraf\u00edn. \u201cMe siento extraordinariamente bien. Siento un <strong>silencio en mi alma, una paz que no pueden expresarse con palabras\u201d<\/strong>. Aqu\u00ed tienes, amigo de Dios, aquella paz que el Se\u00f1or indicaba a sus disc\u00edpulos cuando les dec\u00eda: <strong>\u201cOs doy mi paz, no la que da el mundo\u201d. <\/strong><\/p>\n<p style=\"text-align: justify\">Pero, \u00bfqu\u00e9 m\u00e1s sientes? <strong>Una dulzura extraordinaria<\/strong>. Es la dulzura de la que hablan las Escrituras: <strong>\u201cBeber\u00e1n la bebida de tu casa y apagar\u00e1n la sed en el torrente de tu dulzura\u201d.<\/strong> Se dir\u00eda que esta dulzura funde nuestros corazones, llen\u00e1ndolos de bienaventuranza\u2026<\/p>\n<p style=\"text-align: justify\">Y, todav\u00eda, \u00bfqu\u00e9 m\u00e1s sientes? Todo mi coraz\u00f3n rebosa de una <strong>alegr\u00eda indecible<\/strong>. \u201cCuando el Esp\u00edritu Santo, continua san Seraf\u00edn, se posa sobre el hombre, el alma queda llena de una alegr\u00eda inefable, porque <strong>el Esp\u00edritu recrea en la alegr\u00eda todo lo que toca\u201d.<\/strong><\/p>\n<p style=\"text-align: justify\">En este estado de plenitud gozosa, el hombre es recreado en su interior y <strong>experimenta un nuevo nacimiento<\/strong>, reencontrando la condici\u00f3n paradis\u00edaca del jard\u00edn del Ed\u00e9n: <strong>su vida es un culto espiritual<\/strong>. Los espirituales llegan por aqu\u00ed a aquello que se llama la oraci\u00f3n espontanea o a oraci\u00f3n ininterrumpida. Es la oraci\u00f3n del coraz\u00f3n que brota como una fuente: <strong>\u201cBrotar\u00e1n de su seno r\u00edos de agua viva. Dec\u00eda esto del Esp\u00edritu que hab\u00edan de recibir los que creer\u00edan en \u00c9l\u201d<\/strong> (Jo 7: 38-39).<\/p>\n<p style=\"text-align: right\"><em>Jean Lafrange: La oraci\u00f3n del coraz\u00f3n<\/em><\/p>\n","protected":false},"excerpt":{"rendered":"<p>[youtube https:\/\/www.youtube.com\/watch?v=MoZsS2udPWI] [youtube https:\/\/www.youtube.com\/watch?v=7yTpyF4cSPw] &nbsp; Lectura espiritual La oraci\u00f3n del coraz\u00f3n espontanea e ininterrumpida no es m\u00e1s que este \u201ccomprender\u201d la dulzura del esp\u00edritu en lo m\u00e1s \u00edntimo del coraz\u00f3n. Seg\u00fan una hermosa expresi\u00f3n de Tom\u00e1s de Celano a prop\u00f3sito de san Francisco de As\u00eds, el hombre as\u00ed transformado por el Esp\u00edritu se ha transformado &hellip; <\/p>\n<p><a class=\"more-link btn\" href=\"https:\/\/smaria.salou.arqtgn.cat\/es\/domingo-vii-del-tiempo-ordinario-c-2019\/\">Seguir leyendo<\/a><\/p>\n","protected":false},"author":11,"featured_media":0,"comment_status":"closed","ping_status":"closed","sticky":false,"template":"","format":"standard","meta":{"footnotes":""},"categories":[52,49],"tags":[],"class_list":["post-10467","post","type-post","status-publish","format-standard","hentry","category-para-reflexionar","category-preparando-el-domingo","item-wrap"],"amp_enabled":true,"_links":{"self":[{"href":"https:\/\/smaria.salou.arqtgn.cat\/es\/wp-json\/wp\/v2\/posts\/10467","targetHints":{"allow":["GET"]}}],"collection":[{"href":"https:\/\/smaria.salou.arqtgn.cat\/es\/wp-json\/wp\/v2\/posts"}],"about":[{"href":"https:\/\/smaria.salou.arqtgn.cat\/es\/wp-json\/wp\/v2\/types\/post"}],"author":[{"embeddable":true,"href":"https:\/\/smaria.salou.arqtgn.cat\/es\/wp-json\/wp\/v2\/users\/11"}],"replies":[{"embeddable":true,"href":"https:\/\/smaria.salou.arqtgn.cat\/es\/wp-json\/wp\/v2\/comments?post=10467"}],"version-history":[{"count":0,"href":"https:\/\/smaria.salou.arqtgn.cat\/es\/wp-json\/wp\/v2\/posts\/10467\/revisions"}],"wp:attachment":[{"href":"https:\/\/smaria.salou.arqtgn.cat\/es\/wp-json\/wp\/v2\/media?parent=10467"}],"wp:term":[{"taxonomy":"category","embeddable":true,"href":"https:\/\/smaria.salou.arqtgn.cat\/es\/wp-json\/wp\/v2\/categories?post=10467"},{"taxonomy":"post_tag","embeddable":true,"href":"https:\/\/smaria.salou.arqtgn.cat\/es\/wp-json\/wp\/v2\/tags?post=10467"}],"curies":[{"name":"wp","href":"https:\/\/api.w.org\/{rel}","templated":true}]}}