{"id":10462,"date":"2019-02-19T07:25:15","date_gmt":"2019-02-19T06:25:15","guid":{"rendered":"http:\/\/smaria.salou.arqtgn.cat\/celebracion-de-presentacion-de-los-ninos-a-la-virgen\/"},"modified":"2019-02-19T07:25:15","modified_gmt":"2019-02-19T06:25:15","slug":"celebracion-de-presentacion-de-los-ninos-a-la-virgen","status":"publish","type":"post","link":"https:\/\/smaria.salou.arqtgn.cat\/es\/celebracion-de-presentacion-de-los-ninos-a-la-virgen\/","title":{"rendered":"Celebraci\u00f3n de presentaci\u00f3n de los ni\u00f1os a la Virgen"},"content":{"rendered":"<p><a href=\"http:\/\/smaria.salou.arqtgn.cat\/wp-content\/uploads\/sites\/10\/2019\/02\/190217_Pres_Inf_Bat.34-PM.jpg\"><img loading=\"lazy\" decoding=\"async\" class=\"wp-image-8472 alignright\" src=\"http:\/\/smaria.salou.arqtgn.cat\/wp-content\/uploads\/sites\/10\/2019\/02\/190217_Pres_Inf_Bat.34-PM.jpg\" alt=\"\" width=\"367\" height=\"276\" srcset=\"https:\/\/smaria.salou.arqtgn.cat\/wp-content\/uploads\/sites\/10\/2019\/02\/190217_Pres_Inf_Bat.34-PM.jpg 800w, https:\/\/smaria.salou.arqtgn.cat\/wp-content\/uploads\/sites\/10\/2019\/02\/190217_Pres_Inf_Bat.34-PM-300x225.jpg 300w, https:\/\/smaria.salou.arqtgn.cat\/wp-content\/uploads\/sites\/10\/2019\/02\/190217_Pres_Inf_Bat.34-PM-768x576.jpg 768w\" sizes=\"auto, (max-width: 367px) 100vw, 367px\" \/><\/a>Esta domingo 17 de febrero, las familias de los ni\u00f1os y ni\u00f1as bautizados en nuestras parroquias de Salou durante el a\u00f1o pasado, han sido invitadas a participar de la celebraci\u00f3n de la presentaci\u00f3n de sus hijos al templo ya la Virgen, con motivo de la festiva de la Presentaci\u00f3n de Jes\u00fas en el Templo (la Candelaria). Se hubiera tenido que celebrar el domingo 3 de febrero, el m\u00e1s cercano a la fiesta de la Candelaria, pero por diferentes motivos lo tuvimos que aplazar.<\/p>\n<p>Asistiremos una quincena de familias que participaron activamente leyendo y colaborando en la celebraci\u00f3n. Al final de la misma y antes de cantar los gozos a Santa Maria del Mar, los padres y madres, con los ni\u00f1os en brazos, presentaron a sus hijos a la Virgen rezando todos juntos una oraci\u00f3n, que reproducimos a continuaci\u00f3n.<\/p>\n<p style=\"text-align: center\"><em><a href=\"http:\/\/smaria.salou.arqtgn.cat\/wp-content\/uploads\/sites\/10\/2019\/02\/190217_Pres_Inf_Bat.48-PM.jpg\"><img loading=\"lazy\" decoding=\"async\" class=\"wp-image-8473 alignleft\" src=\"http:\/\/smaria.salou.arqtgn.cat\/wp-content\/uploads\/sites\/10\/2019\/02\/190217_Pres_Inf_Bat.48-PM.jpg\" alt=\"\" width=\"375\" height=\"281\" srcset=\"https:\/\/smaria.salou.arqtgn.cat\/wp-content\/uploads\/sites\/10\/2019\/02\/190217_Pres_Inf_Bat.48-PM.jpg 800w, https:\/\/smaria.salou.arqtgn.cat\/wp-content\/uploads\/sites\/10\/2019\/02\/190217_Pres_Inf_Bat.48-PM-300x225.jpg 300w, https:\/\/smaria.salou.arqtgn.cat\/wp-content\/uploads\/sites\/10\/2019\/02\/190217_Pres_Inf_Bat.48-PM-768x576.jpg 768w\" sizes=\"auto, (max-width: 375px) 100vw, 375px\" \/><\/a>Mar\u00eda, madre de Jes\u00fas, te presentamos a nuestros hijos, para que los ames y los ayudes como madre.<br \/>\n<\/em><em>Nuestros hijos, por el Sacramento del Bautismo, se han hecho hijos de Dios, hermanos de Cristo, miembros vivos de su Iglesia y templos del Esp\u00edritu Santo.<br \/>\n<\/em><em>Te ofrecemos sus ojos, para que sepan admirar las maravillas de la creaci\u00f3n.<br \/>\n<\/em><em>Te ofrecemos sus manos, para que aprendan a construir un mundo m\u00e1s humano y solidario.<br \/>\n<\/em><em>Te ofrecemos su coraz\u00f3n, para que amen sin medida, como lo hizo tu Hijo, Jes\u00fas.<br \/>\n<\/em><em>Te ofrecemos todo lo que son y ser\u00e1n, para que se enamoren del bien y aborrezcan el mal.<br \/>\n<\/em><em>Madre, \u00a1aqu\u00ed tienes a nuestros hijos! Que por tu poderosa intercesi\u00f3n, Dios los proteja en su alma y en su cuerpo, y los preserve de todos los males.<br \/>\n<\/em><em>Y a nosotros, sus padres, ay\u00fadanos\u00a0 a cumplir fielmente nuestras obligaciones con ellos, as\u00ed como el compromiso que <a href=\"http:\/\/smaria.salou.arqtgn.cat\/wp-content\/uploads\/sites\/10\/2019\/02\/190217_Pres_Inf_Bat.52-PM.jpg\"><img loading=\"lazy\" decoding=\"async\" class=\"wp-image-8474 alignright\" src=\"http:\/\/smaria.salou.arqtgn.cat\/wp-content\/uploads\/sites\/10\/2019\/02\/190217_Pres_Inf_Bat.52-PM.jpg\" alt=\"\" width=\"385\" height=\"289\" srcset=\"https:\/\/smaria.salou.arqtgn.cat\/wp-content\/uploads\/sites\/10\/2019\/02\/190217_Pres_Inf_Bat.52-PM.jpg 800w, https:\/\/smaria.salou.arqtgn.cat\/wp-content\/uploads\/sites\/10\/2019\/02\/190217_Pres_Inf_Bat.52-PM-300x225.jpg 300w, https:\/\/smaria.salou.arqtgn.cat\/wp-content\/uploads\/sites\/10\/2019\/02\/190217_Pres_Inf_Bat.52-PM-768x576.jpg 768w\" sizes=\"auto, (max-width: 385px) 100vw, 385px\" \/><\/a>hemos contra\u00eddo delante de Dios, que con nuestra palabra y especialmente con nuestro ejemplo les ense\u00f1emos a creer y practicar las verdades de la fe, y el amor al pr\u00f3jimo y el cumplimiento de la ley de Dios.<br \/>\n<\/em><em>Virgen Mar\u00eda, en ti confiamos. Ay\u00fadanos.<\/em><\/p>\n<p>Fue una celebraci\u00f3n muy emotiva y sobre todo familiar, donde nuestra comunidad parroquial pudo acoger a estas familias. El encuentro termin\u00f3 con un peque\u00f1o aperitivo en el patio disfrutando del sol radiante que hizo a\u00fan m\u00e1s agradable este rato de compartir.<\/p>\n","protected":false},"excerpt":{"rendered":"<p>Esta domingo 17 de febrero, las familias de los ni\u00f1os y ni\u00f1as bautizados en nuestras parroquias de Salou durante el a\u00f1o pasado, han sido invitadas a participar de la celebraci\u00f3n de la presentaci\u00f3n de sus hijos al templo ya la Virgen, con motivo de la festiva de la Presentaci\u00f3n de Jes\u00fas en el Templo (la &hellip; <\/p>\n<p><a class=\"more-link btn\" href=\"https:\/\/smaria.salou.arqtgn.cat\/es\/celebracion-de-presentacion-de-los-ninos-a-la-virgen\/\">Seguir leyendo<\/a><\/p>\n","protected":false},"author":11,"featured_media":0,"comment_status":"closed","ping_status":"closed","sticky":false,"template":"","format":"standard","meta":{"footnotes":""},"categories":[],"tags":[],"class_list":["post-10462","post","type-post","status-publish","format-standard","hentry","item-wrap"],"amp_enabled":true,"_links":{"self":[{"href":"https:\/\/smaria.salou.arqtgn.cat\/es\/wp-json\/wp\/v2\/posts\/10462","targetHints":{"allow":["GET"]}}],"collection":[{"href":"https:\/\/smaria.salou.arqtgn.cat\/es\/wp-json\/wp\/v2\/posts"}],"about":[{"href":"https:\/\/smaria.salou.arqtgn.cat\/es\/wp-json\/wp\/v2\/types\/post"}],"author":[{"embeddable":true,"href":"https:\/\/smaria.salou.arqtgn.cat\/es\/wp-json\/wp\/v2\/users\/11"}],"replies":[{"embeddable":true,"href":"https:\/\/smaria.salou.arqtgn.cat\/es\/wp-json\/wp\/v2\/comments?post=10462"}],"version-history":[{"count":0,"href":"https:\/\/smaria.salou.arqtgn.cat\/es\/wp-json\/wp\/v2\/posts\/10462\/revisions"}],"wp:attachment":[{"href":"https:\/\/smaria.salou.arqtgn.cat\/es\/wp-json\/wp\/v2\/media?parent=10462"}],"wp:term":[{"taxonomy":"category","embeddable":true,"href":"https:\/\/smaria.salou.arqtgn.cat\/es\/wp-json\/wp\/v2\/categories?post=10462"},{"taxonomy":"post_tag","embeddable":true,"href":"https:\/\/smaria.salou.arqtgn.cat\/es\/wp-json\/wp\/v2\/tags?post=10462"}],"curies":[{"name":"wp","href":"https:\/\/api.w.org\/{rel}","templated":true}]}}