{"id":10457,"date":"2019-02-16T00:33:20","date_gmt":"2019-02-15T23:33:20","guid":{"rendered":"http:\/\/smaria.salou.arqtgn.cat\/domingo-vi-del-tiempo-ordinario-c-2019\/"},"modified":"2019-02-16T00:33:20","modified_gmt":"2019-02-15T23:33:20","slug":"domingo-vi-del-tiempo-ordinario-c-2019","status":"publish","type":"post","link":"https:\/\/smaria.salou.arqtgn.cat\/es\/domingo-vi-del-tiempo-ordinario-c-2019\/","title":{"rendered":"Domingo VI del tiempo ordinario \/ C \/ 2019"},"content":{"rendered":"<table style=\"height: 134px;width: 739px\">\n<tbody>\n<tr style=\"height: 256px\">\n<td style=\"height: 134px;width: 498.333px\">\n<p><div id=\"attachment_8231\" style=\"width: 272px\" class=\"wp-caption aligncenter\"><a href=\"https:\/\/www.lecturesmissa.arquebisbattarragona.cat\/\" target=\"_blank\" rel=\"noopener noreferrer\"><img loading=\"lazy\" decoding=\"async\" aria-describedby=\"caption-attachment-8231\" class=\"wp-image-8231\" src=\"http:\/\/2.bp.blogspot.com\/-rSyrD3e2fMM\/Uuk2hpdduJI\/AAAAAAAADgg\/bc_UeuKmWr4\/s1600\/sermon+monte.jpg\" alt=\"\" width=\"272\" height=\"272\" \/><\/a><p id=\"caption-attachment-8231\" class=\"wp-caption-text\">Palabra de Dios<\/p><\/div><\/td>\n<td style=\"height: 134px;width: 239.867px\">\n<p><div id=\"attachment_5183\" style=\"width: 176px\" class=\"wp-caption aligncenter\"><a href=\"http:\/\/www.esglesiadetarragona.cat\/wp-content\/uploads\/2019\/02\/hd3597Espan%CC%83ol.pdf\" target=\"_blank\" rel=\"noopener noreferrer\"><img loading=\"lazy\" decoding=\"async\" aria-describedby=\"caption-attachment-5183\" class=\"wp-image-5183\" src=\"https:\/\/web.cdn.arqtgn.cat\/wp-content\/uploads\/2018\/12\/full2.jpg?sequence=3&amp;isAllowed=y?\" alt=\"\" width=\"176\" height=\"166\" \/><\/a><p id=\"caption-attachment-5183\" class=\"wp-caption-text\">Leer la Hoja Dominical<\/p><\/div><\/td>\n<\/tr>\n<\/tbody>\n<\/table>\n<p>[youtube https:\/\/www.youtube.com\/watch?v=BQJl2JmYsw4]<\/p>\n<p>[youtube https:\/\/www.youtube.com\/watch?v=Lpuff6-Zr2A]<\/p>\n<p>&nbsp;<\/p>\n<h3><strong><span style=\"color: #ff6600\">Lectura espiritual<\/span><\/strong><\/h3>\n<p><strong>Cuando el hombre se acostumbra a recurrir a Dios en todas las cosas<\/strong>, ya sea para presentarle sus peticiones, ya sea para bendecirlo en la acci\u00f3n de gracias, entra en un estado de oraci\u00f3n incesante.<\/p>\n<p>Ha como liberado en \u00e9l su coraz\u00f3n de oraci\u00f3n y el mismo se sorprende de ver que esta oraci\u00f3n surge de su interior espont\u00e1neamente. <strong>El coraz\u00f3n est\u00e1 penetrado de la luz divina del Esp\u00edritu. <\/strong><\/p>\n<p>No se trata de \u00e9xtasis ni de elevaciones -esto es para los principiantes- sino que <strong>el hombre ve la luz<\/strong>. Hay que entender que el t\u00e9rmino \u201cvisi\u00f3n\u201d <strong>es tambi\u00e9n \u201ccalor\u201d.<\/strong><\/p>\n<p>Alguna cosa parece elevarse de las profundidades del ser, una energ\u00eda \u00edntima o una fuente de luz radiante de su propio estallido, s\u00edmbolo que intenta describir una <strong>comuni\u00f3n con la Fuente de luz que es Cristo resucitado o el Esp\u00edritu Santo<\/strong>.<\/p>\n<p>Como los disc\u00edpulos de Ema\u00fas, el hombre experimenta que su coraz\u00f3n est\u00e1 <strong>encendido del fuego del Esp\u00edritu<\/strong>. Y este fuego <strong>es tambi\u00e9n una dulzura inefable<\/strong> que impregna de oraci\u00f3n incesante: \u201cHaz penetrar la dulzura de tu Esp\u00edritu hasta el fondo de nuestro coraz\u00f3n\u201d (Poscomuni\u00f3n de la Misa votiva del Esp\u00edritu Santo).<\/p>\n<p>El hombre sabe entonces que no es simplemente un \u00e9xtasis sino el <strong>deseo de Dios<\/strong>, el deseo del Totalmente-Otro. <strong>A medida que Dios nos llena, lo descubrimos m\u00e1s all\u00e1. A medida que nos es conocido, lo descubrimos desconocido.<\/strong> Es un conocimiento por desconocimiento.<\/p>\n<p><strong>Es la clave de toda comunicaci\u00f3n entre dos seres humanos<\/strong>: cuanto m\u00e1s conozco a mi amigo y m\u00e1s me llena su presencia, m\u00e1s lo descubro desconocido. Uno no puede decir nunca: \u201cYa lo he clasificado\u201d; esto ser\u00eda destruirlo.<\/p>\n<p>Tal como dice el cardenal Dani\u00e9lou en su libro sobre san Gregorio de Nisa. <strong>\u201cel hombre espiritual se vuelve un universo en expansi\u00f3n\u201d,<\/strong> cada vez m\u00e1s <strong>abierto a esta plenitud trinitaria y cada vez m\u00e1s unido a sus hermanos<\/strong>. Y su capacidad de acoger la vida trinitaria se ensancha a las dimensiones de esta <strong>luz infinita que se vuelve oscuridad, nube luminosa a causa incluso de su intensidad<\/strong>.<\/p>\n<p>Es en este sentido que hay que revisar nuestra idea del <strong>cielo donde Dios ser\u00e1 eternamente descubierto y contemplado y nunca se agotar\u00e1. <\/strong><\/p>\n<p><strong>Todav\u00eda hay que precisar que la vida eterna como tambi\u00e9n el infierno empiezan aqu\u00ed abajo<\/strong>; es la presencia de Dios en el coraz\u00f3n del cristiano; es una dilataci\u00f3n.<\/p>\n<p>Hay que tener una visi\u00f3n din\u00e1mica de la presencia de Dios en nosotros y de la eternidad. A medida que nos llena, tendemos todav\u00eda m\u00e1s hacia el objetivo, es el misterio de la comuni\u00f3n.<\/p>\n<p>No es una fusi\u00f3n o, si hay fusi\u00f3n -como dice maestre Eckart-, \u201ces una fusi\u00f3n sin confusi\u00f3n\u201d. Como escrib\u00eda san Gregorio de Nisa, <strong>esta eternidad ya presente es ir de inicio a inicio, pero inicios que no tendr\u00e1n fin.<\/strong><\/p>\n<p style=\"text-align: right\"><em>Jean Lafrange: La oraci\u00f3n del coraz\u00f3n<\/em><\/p>\n","protected":false},"excerpt":{"rendered":"<p>[youtube https:\/\/www.youtube.com\/watch?v=BQJl2JmYsw4] [youtube https:\/\/www.youtube.com\/watch?v=Lpuff6-Zr2A] &nbsp; Lectura espiritual Cuando el hombre se acostumbra a recurrir a Dios en todas las cosas, ya sea para presentarle sus peticiones, ya sea para bendecirlo en la acci\u00f3n de gracias, entra en un estado de oraci\u00f3n incesante. Ha como liberado en \u00e9l su coraz\u00f3n de oraci\u00f3n y el mismo se &hellip; <\/p>\n<p><a class=\"more-link btn\" href=\"https:\/\/smaria.salou.arqtgn.cat\/es\/domingo-vi-del-tiempo-ordinario-c-2019\/\">Seguir leyendo<\/a><\/p>\n","protected":false},"author":11,"featured_media":0,"comment_status":"closed","ping_status":"closed","sticky":false,"template":"","format":"standard","meta":{"footnotes":""},"categories":[52,49],"tags":[],"class_list":["post-10457","post","type-post","status-publish","format-standard","hentry","category-para-reflexionar","category-preparando-el-domingo","item-wrap"],"amp_enabled":true,"_links":{"self":[{"href":"https:\/\/smaria.salou.arqtgn.cat\/es\/wp-json\/wp\/v2\/posts\/10457","targetHints":{"allow":["GET"]}}],"collection":[{"href":"https:\/\/smaria.salou.arqtgn.cat\/es\/wp-json\/wp\/v2\/posts"}],"about":[{"href":"https:\/\/smaria.salou.arqtgn.cat\/es\/wp-json\/wp\/v2\/types\/post"}],"author":[{"embeddable":true,"href":"https:\/\/smaria.salou.arqtgn.cat\/es\/wp-json\/wp\/v2\/users\/11"}],"replies":[{"embeddable":true,"href":"https:\/\/smaria.salou.arqtgn.cat\/es\/wp-json\/wp\/v2\/comments?post=10457"}],"version-history":[{"count":0,"href":"https:\/\/smaria.salou.arqtgn.cat\/es\/wp-json\/wp\/v2\/posts\/10457\/revisions"}],"wp:attachment":[{"href":"https:\/\/smaria.salou.arqtgn.cat\/es\/wp-json\/wp\/v2\/media?parent=10457"}],"wp:term":[{"taxonomy":"category","embeddable":true,"href":"https:\/\/smaria.salou.arqtgn.cat\/es\/wp-json\/wp\/v2\/categories?post=10457"},{"taxonomy":"post_tag","embeddable":true,"href":"https:\/\/smaria.salou.arqtgn.cat\/es\/wp-json\/wp\/v2\/tags?post=10457"}],"curies":[{"name":"wp","href":"https:\/\/api.w.org\/{rel}","templated":true}]}}