{"id":10455,"date":"2019-02-13T13:11:59","date_gmt":"2019-02-13T12:11:59","guid":{"rendered":"http:\/\/smaria.salou.arqtgn.cat\/nota-de-los-obispos-de-cataluna-sobre-la-proteccion-de-menores\/"},"modified":"2019-02-13T13:11:59","modified_gmt":"2019-02-13T12:11:59","slug":"nota-de-los-obispos-de-cataluna-sobre-la-proteccion-de-menores","status":"publish","type":"post","link":"https:\/\/smaria.salou.arqtgn.cat\/es\/nota-de-los-obispos-de-cataluna-sobre-la-proteccion-de-menores\/","title":{"rendered":"Nota de los obispos de Catalu\u00f1a sobre la protecci\u00f3n de menores"},"content":{"rendered":"<p><img loading=\"lazy\" decoding=\"async\" class=\"alignright\" src=\"https:\/\/www.catalunyareligio.cat\/sites\/default\/files\/styles\/imatge3x3\/public\/cet.1-o3emrgnpic43p4spy40dv16j97jo4zsy546cap4oy02.jpg?itok=d8YmDhH1\" width=\"319\" height=\"186\" \/>En las \u00faltimas semanas, la Iglesia Cat\u00f3lica en Catalu\u00f1a se ha visto sacudida por algunas noticias referidas a abusos de menores, que nos llenan de verg\u00fcenza y de dolor, ya que algunos de los agresores eran personas consagradas o sacerdotes.<\/p>\n<p>Los abusos a menores, que condenamos rotundamente, y la cultura que los fomenta o justifica, son un grave problema que afecta a toda la sociedad. Y la Iglesia, como parte de la sociedad, tambi\u00e9n se ve afectada.<\/p>\n<p>Para leer tota la nota clicar <a href=\"http:\/\/www.tarraconense.cat\/index.php?idioma=2&amp;id=27372&amp;arxiu=fitxa_document&amp;id_familia=2758&amp;id_subfamilia=8928\" target=\"_blank\" rel=\"noopener noreferrer\">aqu\u00ed<\/a>.<\/p>\n<p>&nbsp;<\/p>\n","protected":false},"excerpt":{"rendered":"<p>En las \u00faltimas semanas, la Iglesia Cat\u00f3lica en Catalu\u00f1a se ha visto sacudida por algunas noticias referidas a abusos de menores, que nos llenan de verg\u00fcenza y de dolor, ya que algunos de los agresores eran personas consagradas o sacerdotes. Los abusos a menores, que condenamos rotundamente, y la cultura que los fomenta o justifica, &hellip; <\/p>\n<p><a class=\"more-link btn\" href=\"https:\/\/smaria.salou.arqtgn.cat\/es\/nota-de-los-obispos-de-cataluna-sobre-la-proteccion-de-menores\/\">Seguir leyendo<\/a><\/p>\n","protected":false},"author":11,"featured_media":0,"comment_status":"closed","ping_status":"closed","sticky":false,"template":"","format":"standard","meta":{"footnotes":""},"categories":[52],"tags":[],"class_list":["post-10455","post","type-post","status-publish","format-standard","hentry","category-para-reflexionar","item-wrap"],"amp_enabled":true,"_links":{"self":[{"href":"https:\/\/smaria.salou.arqtgn.cat\/es\/wp-json\/wp\/v2\/posts\/10455","targetHints":{"allow":["GET"]}}],"collection":[{"href":"https:\/\/smaria.salou.arqtgn.cat\/es\/wp-json\/wp\/v2\/posts"}],"about":[{"href":"https:\/\/smaria.salou.arqtgn.cat\/es\/wp-json\/wp\/v2\/types\/post"}],"author":[{"embeddable":true,"href":"https:\/\/smaria.salou.arqtgn.cat\/es\/wp-json\/wp\/v2\/users\/11"}],"replies":[{"embeddable":true,"href":"https:\/\/smaria.salou.arqtgn.cat\/es\/wp-json\/wp\/v2\/comments?post=10455"}],"version-history":[{"count":0,"href":"https:\/\/smaria.salou.arqtgn.cat\/es\/wp-json\/wp\/v2\/posts\/10455\/revisions"}],"wp:attachment":[{"href":"https:\/\/smaria.salou.arqtgn.cat\/es\/wp-json\/wp\/v2\/media?parent=10455"}],"wp:term":[{"taxonomy":"category","embeddable":true,"href":"https:\/\/smaria.salou.arqtgn.cat\/es\/wp-json\/wp\/v2\/categories?post=10455"},{"taxonomy":"post_tag","embeddable":true,"href":"https:\/\/smaria.salou.arqtgn.cat\/es\/wp-json\/wp\/v2\/tags?post=10455"}],"curies":[{"name":"wp","href":"https:\/\/api.w.org\/{rel}","templated":true}]}}