{"id":10450,"date":"2019-02-13T10:43:30","date_gmt":"2019-02-13T09:43:30","guid":{"rendered":"http:\/\/smaria.salou.arqtgn.cat\/misa-de-los-enfermos\/"},"modified":"2019-02-13T10:43:30","modified_gmt":"2019-02-13T09:43:30","slug":"misa-de-los-enfermos","status":"publish","type":"post","link":"https:\/\/smaria.salou.arqtgn.cat\/es\/misa-de-los-enfermos\/","title":{"rendered":"Misa de los enfermos"},"content":{"rendered":"<p><a href=\"http:\/\/smaria.salou.arqtgn.cat\/wp-content\/uploads\/sites\/10\/2019\/02\/salut.jpg.jpeg\"><img loading=\"lazy\" decoding=\"async\" class=\"aligncenter size-full wp-image-8445\" src=\"http:\/\/smaria.salou.arqtgn.cat\/wp-content\/uploads\/sites\/10\/2019\/02\/salut.jpg.jpeg\" alt=\"\" width=\"1599\" height=\"899\" srcset=\"https:\/\/smaria.salou.arqtgn.cat\/wp-content\/uploads\/sites\/10\/2019\/02\/salut.jpg.jpeg 1599w, https:\/\/smaria.salou.arqtgn.cat\/wp-content\/uploads\/sites\/10\/2019\/02\/salut.jpg-300x169.jpeg 300w, https:\/\/smaria.salou.arqtgn.cat\/wp-content\/uploads\/sites\/10\/2019\/02\/salut.jpg-768x432.jpeg 768w, https:\/\/smaria.salou.arqtgn.cat\/wp-content\/uploads\/sites\/10\/2019\/02\/salut.jpg-1024x576.jpeg 1024w\" sizes=\"auto, (max-width: 1599px) 100vw, 1599px\" \/><\/a><\/p>\n<p>Este domingo pasado en el marco de los actos de la Jornada Mundial del Enfermo que fue el lunes 11 de febrero, memoria de la Virgen de Lourdes, a misa de las 10h y organizado por el equipo de la Pastoral de la Salud de la parroquia, celebramos una emotiva celebraci\u00f3n donde asistieron un buen n\u00famero de personas y en el transcurso de la cual recibieron el sacramento de la Unci\u00f3n de los Enfermos una treintena de personas.<\/p>\n","protected":false},"excerpt":{"rendered":"<p>Este domingo pasado en el marco de los actos de la Jornada Mundial del Enfermo que fue el lunes 11 de febrero, memoria de la Virgen de Lourdes, a misa de las 10h y organizado por el equipo de la Pastoral de la Salud de la parroquia, celebramos una emotiva celebraci\u00f3n donde asistieron un buen &hellip; <\/p>\n<p><a class=\"more-link btn\" href=\"https:\/\/smaria.salou.arqtgn.cat\/es\/misa-de-los-enfermos\/\">Seguir leyendo<\/a><\/p>\n","protected":false},"author":11,"featured_media":0,"comment_status":"closed","ping_status":"closed","sticky":false,"template":"","format":"standard","meta":{"footnotes":""},"categories":[55],"tags":[],"class_list":["post-10450","post","type-post","status-publish","format-standard","hentry","category-pastoral-de-la-salud","item-wrap"],"amp_enabled":true,"_links":{"self":[{"href":"https:\/\/smaria.salou.arqtgn.cat\/es\/wp-json\/wp\/v2\/posts\/10450","targetHints":{"allow":["GET"]}}],"collection":[{"href":"https:\/\/smaria.salou.arqtgn.cat\/es\/wp-json\/wp\/v2\/posts"}],"about":[{"href":"https:\/\/smaria.salou.arqtgn.cat\/es\/wp-json\/wp\/v2\/types\/post"}],"author":[{"embeddable":true,"href":"https:\/\/smaria.salou.arqtgn.cat\/es\/wp-json\/wp\/v2\/users\/11"}],"replies":[{"embeddable":true,"href":"https:\/\/smaria.salou.arqtgn.cat\/es\/wp-json\/wp\/v2\/comments?post=10450"}],"version-history":[{"count":0,"href":"https:\/\/smaria.salou.arqtgn.cat\/es\/wp-json\/wp\/v2\/posts\/10450\/revisions"}],"wp:attachment":[{"href":"https:\/\/smaria.salou.arqtgn.cat\/es\/wp-json\/wp\/v2\/media?parent=10450"}],"wp:term":[{"taxonomy":"category","embeddable":true,"href":"https:\/\/smaria.salou.arqtgn.cat\/es\/wp-json\/wp\/v2\/categories?post=10450"},{"taxonomy":"post_tag","embeddable":true,"href":"https:\/\/smaria.salou.arqtgn.cat\/es\/wp-json\/wp\/v2\/tags?post=10450"}],"curies":[{"name":"wp","href":"https:\/\/api.w.org\/{rel}","templated":true}]}}