{"id":10367,"date":"2018-12-17T19:09:36","date_gmt":"2018-12-17T18:09:36","guid":{"rendered":"http:\/\/smaria.salou.arqtgn.cat\/navidad-a-la-residencia-de-ancianos-y-ancianas\/"},"modified":"2018-12-17T19:09:36","modified_gmt":"2018-12-17T18:09:36","slug":"navidad-a-la-residencia-de-ancianos-y-ancianas","status":"publish","type":"post","link":"https:\/\/smaria.salou.arqtgn.cat\/es\/navidad-a-la-residencia-de-ancianos-y-ancianas\/","title":{"rendered":"Navidad a la residencia de ancianos y ancianas"},"content":{"rendered":"<p style=\"text-align: justify\">El equipo de Pastoral de la Salud de nuestra parroquia que diariamente visitan los abuelos y las abuelas que est\u00e1n ingresados en la residencia de Salou, que semanalmente hacen con ellos una celebraci\u00f3n de la Palabra y que el \u00faltimo viernes de cada mes coordina la celebraci\u00f3n de la Eucarist\u00eda, este viernes 14 de diciembre celebraron con los residentes la misa de Navidad.<\/p>\n<p style=\"text-align: justify\">Con el altar ambientado por el tiempo de Adviento y Navidad, la celebraci\u00f3n transcurri\u00f3 con un clima muy familiar y entra\u00f1able, cantando villancicos y al final de la eucarist\u00eda adorando al ni\u00f1o Jes\u00fas, que de manera \u00abprematura\u00bb vino a visitarlos. Despu\u00e9s se les entreg\u00f3 la felicitaci\u00f3n navide\u00f1a de la parroquia.<\/p>\n<div style=\"width: 1263px\" class=\"wp-caption alignnone\"><a href=\"https:\/\/photos.app.goo.gl\/ZjaiXWbK1rCfuZiU9\" target=\"_blank\" rel=\"noopener noreferrer\"><img loading=\"lazy\" decoding=\"async\" src=\"https:\/\/lh3.googleusercontent.com\/32RGVRpA-gx6slMeTIxCApRVUh7Lg4_Wh5nkKFWoC_-urble4fwMMcZ3DbdgbNvcStn_1_UHHC5uvV9OxMSp84xhXzYQsMEyhYSHF3_WP-eEN3Mn8XFyP0rSQoo22x304Ttr-0aOhyrrDV0wZdgI7LRdymNq9Ltfse5ru9PHpsnF-Mg_ia6WbVQ2N5l3wNZch2-Q5Jbf2uO2OU_mD63bP8DznQ9eTVSJRX8E28JDHqHRW5bZVXRHm7GSjk3NNn9Xw5wkOVUqIGNIHl3t3sd7Ts6j1MXnz0idnjs3-kn8IR3zEkKl-PuWjAGZ8_gNx-EDeEAEIaYXuIxtfKW1BUMaSSQbJXMsmak-3kGubvq-yMht9XcLMaUhOc-AMfLQgvc84EcRFDiHDKyfQ_i2dtSgtgukJU7PT8EHMgWXRGlmcfX-HtAEIUDFs0bDGZWvqP6nats2TPkfTNbFKXEOeUeeMt-KRmAxLV6h-ov6v0MJsHWIH5YSl1kjaVMmxGlTO8szBdWJ67Fnomf8WR3jsMQZh0aiZg0FNPeXruUqLhYWqjwKhRIRSTw7-S5bPUZPf_kNAb_-nu8jOjGiQ2v0Pz9K2DiS8yP8Czjc6-EDbzoxfj5d9H6k5hpuy8l5w8vQh8AGwfT-tDo7vvxcPvTMmm1Ppp2e=w1263-h893-no\" alt=\"\" width=\"1263\" height=\"893\" \/><\/a><p class=\"wp-caption-text\">Clicar encima de la imagen para ver m\u00e1s fotos.<\/p><\/div>\n","protected":false},"excerpt":{"rendered":"<p>El equipo de Pastoral de la Salud de nuestra parroquia que diariamente visitan los abuelos y las abuelas que est\u00e1n ingresados en la residencia de Salou, que semanalmente hacen con ellos una celebraci\u00f3n de la Palabra y que el \u00faltimo viernes de cada mes coordina la celebraci\u00f3n de la Eucarist\u00eda, este viernes 14 de diciembre &hellip; <\/p>\n<p><a class=\"more-link btn\" href=\"https:\/\/smaria.salou.arqtgn.cat\/es\/navidad-a-la-residencia-de-ancianos-y-ancianas\/\">Seguir leyendo<\/a><\/p>\n","protected":false},"author":11,"featured_media":0,"comment_status":"closed","ping_status":"closed","sticky":false,"template":"","format":"standard","meta":{"footnotes":""},"categories":[55],"tags":[],"class_list":["post-10367","post","type-post","status-publish","format-standard","hentry","category-pastoral-de-la-salud","item-wrap"],"amp_enabled":true,"_links":{"self":[{"href":"https:\/\/smaria.salou.arqtgn.cat\/es\/wp-json\/wp\/v2\/posts\/10367","targetHints":{"allow":["GET"]}}],"collection":[{"href":"https:\/\/smaria.salou.arqtgn.cat\/es\/wp-json\/wp\/v2\/posts"}],"about":[{"href":"https:\/\/smaria.salou.arqtgn.cat\/es\/wp-json\/wp\/v2\/types\/post"}],"author":[{"embeddable":true,"href":"https:\/\/smaria.salou.arqtgn.cat\/es\/wp-json\/wp\/v2\/users\/11"}],"replies":[{"embeddable":true,"href":"https:\/\/smaria.salou.arqtgn.cat\/es\/wp-json\/wp\/v2\/comments?post=10367"}],"version-history":[{"count":0,"href":"https:\/\/smaria.salou.arqtgn.cat\/es\/wp-json\/wp\/v2\/posts\/10367\/revisions"}],"wp:attachment":[{"href":"https:\/\/smaria.salou.arqtgn.cat\/es\/wp-json\/wp\/v2\/media?parent=10367"}],"wp:term":[{"taxonomy":"category","embeddable":true,"href":"https:\/\/smaria.salou.arqtgn.cat\/es\/wp-json\/wp\/v2\/categories?post=10367"},{"taxonomy":"post_tag","embeddable":true,"href":"https:\/\/smaria.salou.arqtgn.cat\/es\/wp-json\/wp\/v2\/tags?post=10367"}],"curies":[{"name":"wp","href":"https:\/\/api.w.org\/{rel}","templated":true}]}}