{"id":10364,"date":"2018-12-16T00:13:30","date_gmt":"2018-12-15T23:13:30","guid":{"rendered":"http:\/\/smaria.salou.arqtgn.cat\/ei-alegrate-que-viene-jesus-descargate-su-luz\/"},"modified":"2018-12-16T00:13:30","modified_gmt":"2018-12-15T23:13:30","slug":"ei-alegrate-que-viene-jesus-descargate-su-luz","status":"publish","type":"post","link":"https:\/\/smaria.salou.arqtgn.cat\/es\/ei-alegrate-que-viene-jesus-descargate-su-luz\/","title":{"rendered":"Ei! alegrate, que viene Jes\u00fas. Desc\u00e1rgate su luz"},"content":{"rendered":"<p><a href=\"http:\/\/smaria.salou.arqtgn.cat\/wp-content\/uploads\/sites\/10\/2018\/12\/ADV_3r_C.jpg\" target=\"_blank\" rel=\"noopener noreferrer\"><img loading=\"lazy\" decoding=\"async\" class=\"aligncenter wp-image-8190 size-full\" src=\"http:\/\/smaria.salou.arqtgn.cat\/wp-content\/uploads\/sites\/10\/2018\/12\/ADV_3r_C.jpg\" alt=\"\" width=\"800\" height=\"565\" srcset=\"https:\/\/smaria.salou.arqtgn.cat\/wp-content\/uploads\/sites\/10\/2018\/12\/ADV_3r_C.jpg 800w, https:\/\/smaria.salou.arqtgn.cat\/wp-content\/uploads\/sites\/10\/2018\/12\/ADV_3r_C-300x212.jpg 300w, https:\/\/smaria.salou.arqtgn.cat\/wp-content\/uploads\/sites\/10\/2018\/12\/ADV_3r_C-768x542.jpg 768w\" sizes=\"auto, (max-width: 800px) 100vw, 800px\" \/><\/a><\/p>\n<p>Gracias, Jes\u00fas, por poder ser seguidores de Dios que nos quiere felices y alegres.<\/p>\n<p>Gracias, Jes\u00fas, por poder tener una familia que cuida de nosotros y nos quiere siempre.<\/p>\n<p>Gracias, Jes\u00fas, porque en esta Navidad podemos recordarnos que hay que tener gestos de esperanza, de cari\u00f1o, de ayuda unos con otros.<\/p>\n<p>Gracias, Jes\u00fas, por tener amigos con los que jugar, con los que compartir los mejores momentos.<\/p>\n<p>Gracias, Jes\u00fas, por el Adviento de alegr\u00eda, por esta parroquia que quiere estar llena de personas alegres y creyentes en un Dios vivo.<\/p>\n","protected":false},"excerpt":{"rendered":"<p>Gracias, Jes\u00fas, por poder ser seguidores de Dios que nos quiere felices y alegres. Gracias, Jes\u00fas, por poder tener una familia que cuida de nosotros y nos quiere siempre. Gracias, Jes\u00fas, porque en esta Navidad podemos recordarnos que hay que tener gestos de esperanza, de cari\u00f1o, de ayuda unos con otros. Gracias, Jes\u00fas, por tener &hellip; <\/p>\n<p><a class=\"more-link btn\" href=\"https:\/\/smaria.salou.arqtgn.cat\/es\/ei-alegrate-que-viene-jesus-descargate-su-luz\/\">Seguir leyendo<\/a><\/p>\n","protected":false},"author":11,"featured_media":0,"comment_status":"closed","ping_status":"closed","sticky":false,"template":"","format":"standard","meta":{"footnotes":""},"categories":[50,54,49],"tags":[],"class_list":["post-10364","post","type-post","status-publish","format-standard","hentry","category-catequesis","category-el-evangelio-en-imagenes","category-preparando-el-domingo","item-wrap"],"amp_enabled":true,"_links":{"self":[{"href":"https:\/\/smaria.salou.arqtgn.cat\/es\/wp-json\/wp\/v2\/posts\/10364","targetHints":{"allow":["GET"]}}],"collection":[{"href":"https:\/\/smaria.salou.arqtgn.cat\/es\/wp-json\/wp\/v2\/posts"}],"about":[{"href":"https:\/\/smaria.salou.arqtgn.cat\/es\/wp-json\/wp\/v2\/types\/post"}],"author":[{"embeddable":true,"href":"https:\/\/smaria.salou.arqtgn.cat\/es\/wp-json\/wp\/v2\/users\/11"}],"replies":[{"embeddable":true,"href":"https:\/\/smaria.salou.arqtgn.cat\/es\/wp-json\/wp\/v2\/comments?post=10364"}],"version-history":[{"count":0,"href":"https:\/\/smaria.salou.arqtgn.cat\/es\/wp-json\/wp\/v2\/posts\/10364\/revisions"}],"wp:attachment":[{"href":"https:\/\/smaria.salou.arqtgn.cat\/es\/wp-json\/wp\/v2\/media?parent=10364"}],"wp:term":[{"taxonomy":"category","embeddable":true,"href":"https:\/\/smaria.salou.arqtgn.cat\/es\/wp-json\/wp\/v2\/categories?post=10364"},{"taxonomy":"post_tag","embeddable":true,"href":"https:\/\/smaria.salou.arqtgn.cat\/es\/wp-json\/wp\/v2\/tags?post=10364"}],"curies":[{"name":"wp","href":"https:\/\/api.w.org\/{rel}","templated":true}]}}