{"id":10350,"date":"2018-12-07T17:07:50","date_gmt":"2018-12-07T16:07:50","guid":{"rendered":"http:\/\/smaria.salou.arqtgn.cat\/retiro-de-adviento-para-adolescentes-y-jovenes\/"},"modified":"2018-12-07T17:07:50","modified_gmt":"2018-12-07T16:07:50","slug":"retiro-de-adviento-para-adolescentes-y-jovenes","status":"publish","type":"post","link":"https:\/\/smaria.salou.arqtgn.cat\/es\/retiro-de-adviento-para-adolescentes-y-jovenes\/","title":{"rendered":"Retiro de Adviento para adolescentes y j\u00f3venes"},"content":{"rendered":"<p><a href=\"https:\/\/lh3.googleusercontent.com\/n7dZ3-DAK8Mdtl-oxkNskwue9k3P-09FHR5BjiNwi-GKsmpnW87htj1gnWq5eQOcdXVDpKRYm9I6kE5kz3bww2BxIaxwh7rxR-BNL1fPdXoK36RxcRwmqtPcsmn4rTxhIpVUHFSoKYkSZS62SsXDQOdztlNww9miewAxnPo0nN22kxL-xXQEhnZZXfs81xQqP71M7hJv8Tv5VaQiKGrZgSKF4qlcSt3XzsE8gQfrDzIWvUkNEkeNNvrlBlccvlO8-xWJ9lulLVVeyTwRylZFT0vu-6ixkHLPEjkcE97a6P1TKFwJBuRs4Tjg-BChOnuwmBe_3eoIO4R2HPYfGdf5PFR3rlG8-dwU_1DmrZcJxo1IK8JGK0PWZ-DYe4fNVKUxjItdcYSLPmm9pF34YGEW5kXQidtedwfMvBFWQ2mUIR4Sy6FSV_mOJjbMfQ-JqYeZmTPAoSaKv56pyVPtgfJrDsIKcA3XLjRfZHjvrgVc2khNeBEL095HLfL7ttT7ngZ8tflK9Qu76OI2TzTgMJecnnV6vl4LPe455KJ12yUmDQ85HCiZ5Z10bvd2HLEXMP7gPgIxkYtgKvAkr-sWdkcPsrUcbznl-BYZ-eaRJVuiohd72tajMlJBeI9biC3VyrKh4RmT4-5D_R-cBpdP57CMIrcA=w1170-h878-no\" target=\"_blank\" rel=\"noopener noreferrer\"><img loading=\"lazy\" decoding=\"async\" class=\"aligncenter\" src=\"https:\/\/lh3.googleusercontent.com\/n7dZ3-DAK8Mdtl-oxkNskwue9k3P-09FHR5BjiNwi-GKsmpnW87htj1gnWq5eQOcdXVDpKRYm9I6kE5kz3bww2BxIaxwh7rxR-BNL1fPdXoK36RxcRwmqtPcsmn4rTxhIpVUHFSoKYkSZS62SsXDQOdztlNww9miewAxnPo0nN22kxL-xXQEhnZZXfs81xQqP71M7hJv8Tv5VaQiKGrZgSKF4qlcSt3XzsE8gQfrDzIWvUkNEkeNNvrlBlccvlO8-xWJ9lulLVVeyTwRylZFT0vu-6ixkHLPEjkcE97a6P1TKFwJBuRs4Tjg-BChOnuwmBe_3eoIO4R2HPYfGdf5PFR3rlG8-dwU_1DmrZcJxo1IK8JGK0PWZ-DYe4fNVKUxjItdcYSLPmm9pF34YGEW5kXQidtedwfMvBFWQ2mUIR4Sy6FSV_mOJjbMfQ-JqYeZmTPAoSaKv56pyVPtgfJrDsIKcA3XLjRfZHjvrgVc2khNeBEL095HLfL7ttT7ngZ8tflK9Qu76OI2TzTgMJecnnV6vl4LPe455KJ12yUmDQ85HCiZ5Z10bvd2HLEXMP7gPgIxkYtgKvAkr-sWdkcPsrUcbznl-BYZ-eaRJVuiohd72tajMlJBeI9biC3VyrKh4RmT4-5D_R-cBpdP57CMIrcA=w1170-h878-no\" alt=\"\" width=\"1170\" height=\"878\" \/><\/a><\/p>\n<p style=\"text-align: justify\">Cinco adolescentes, Pablo, Marisa, Carmen, Bea y la Beatriz, acompa\u00f1ados dePila Ruiz y el mosen Josep M., participaron, junto con cerca de ochenta j\u00f3venes venidos de diferentes lugares del Arzobispado, el retiro de Adviento celebrado el s\u00e1bado, d\u00eda 1 de diciembre en el Colegio de la Virgen de la Sierra de Montblanc, que como cada a\u00f1o al inicio del tiempo de Adviento la Delegaci\u00f3n diocesana de pastoral de Juventud convoca para los adolescentes y j\u00f3venes de las parroquias de la archidi\u00f3cesis.<\/p>\n<p style=\"text-align: justify\">Despu\u00e9s de la acogida y la bienvenida, la ma\u00f1ana fue el momento de trabajo con itinerarios seg\u00fan la edad. Por un lado, los adolescentes, a partir de diferentes din\u00e1micas, catequesis, trabajo de reflexi\u00f3n en grupos y la oraci\u00f3n, profundizaron en diversos personajes relacionados con este tiempo lit\u00fargico como son Zacar\u00edas e Elisabet, Juan Bautista y Mar\u00eda. Estas figuras sirvieron como pretexto para trabajar aspectos como la confianza, la esperanza, la conversi\u00f3n y la importancia de la oraci\u00f3n. Por otra parte, los j\u00f3venes mayores participaron en un retiro conducido por j\u00f3venes del arzobispado de Barcelona que han hecho una experiencia de evangelizaci\u00f3n en Estados Unidos (NET).<\/p>\n<div style=\"width: 1242px\" class=\"wp-caption alignnone\"><a href=\"https:\/\/photos.app.goo.gl\/BQmQDatJrh5JPtUG9\" target=\"_blank\" rel=\"noopener noreferrer\"><img loading=\"lazy\" decoding=\"async\" src=\"https:\/\/lh3.googleusercontent.com\/pb7Kx__XEFc1pFmYqTeESJ9qDYXNWT58TrOHcTFCWryZt-P_4z-Fg8TLX188wsyQmqYoLMgyWRm6xDq37_FxeqZZCd3qIHtohCu5OZe88oCpPM5gBYI8EGRICixi_oI4H1iQxU_JTvzj-uCr5dQeqnZV0iLNRZ49YsfqJbNJ9dijyPAQth4E_wsgh0YGJw5rRe9ELVKxDo-objZPDgh8qRuuVnc9pn8_oryJP2K8ptYXpyrTJAQbjaS1VUqze2VKDznVSJAZAwPn44glCo2-gnHEYad4sL6QoZwsMDkjKCEWG_vHprNYCwTF_KutVcDOTOIiTxbQUY7-VIocpmJn2LxTzyvb1mikj0FK-RuMikce5VtjzJLJdp4N68f3VDA5m-rTa0P9fTi7rCTre9CDK_HsKDtO92vKtZV0n_xFLMt9YwzwQEz3IKLEDs-xZehatsANhk-Rzblm2wnv2ajToJGVXJuFpdh_9utbGIb-16yHS6BuUxeNmtqxiVPPiiZpgQUrWvBmfYIVp1al7gpbVkU52frdZrq16H1im9U8-zp2Pw52Ljq2i1tJt465i3zxUVJh7u7kEnNK1jfBO3vYz3HtCkx-EdXAtk3TFuXg-mBeJt7xkYOI_05Hf1O_TNG2SqL7gtES_fzDsGh8NIpop6m1=w1242-h878-no\" alt=\"\" width=\"1242\" height=\"878\" \/><\/a><p class=\"wp-caption-text\">Clicar en la imagen para ver m\u00e1s fotos<\/p><\/div>\n<p>&nbsp;<\/p>\n<p>Si quereis ver m\u00e1s fotos del encuentro, clicar <a href=\"http:\/\/fototeca.mcs.arqtgn.cat\/index.php?\/category\/1888\" target=\"_blank\" rel=\"noopener noreferrer\">aqu\u00ed<\/a>.<\/p>\n<p>&nbsp;<\/p>\n","protected":false},"excerpt":{"rendered":"<p>Cinco adolescentes, Pablo, Marisa, Carmen, Bea y la Beatriz, acompa\u00f1ados dePila Ruiz y el mosen Josep M., participaron, junto con cerca de ochenta j\u00f3venes venidos de diferentes lugares del Arzobispado, el retiro de Adviento celebrado el s\u00e1bado, d\u00eda 1 de diciembre en el Colegio de la Virgen de la Sierra de Montblanc, que como cada &hellip; <\/p>\n<p><a class=\"more-link btn\" href=\"https:\/\/smaria.salou.arqtgn.cat\/es\/retiro-de-adviento-para-adolescentes-y-jovenes\/\">Seguir leyendo<\/a><\/p>\n","protected":false},"author":11,"featured_media":0,"comment_status":"closed","ping_status":"closed","sticky":false,"template":"","format":"standard","meta":{"footnotes":""},"categories":[50],"tags":[],"class_list":["post-10350","post","type-post","status-publish","format-standard","hentry","category-catequesis","item-wrap"],"amp_enabled":true,"_links":{"self":[{"href":"https:\/\/smaria.salou.arqtgn.cat\/es\/wp-json\/wp\/v2\/posts\/10350","targetHints":{"allow":["GET"]}}],"collection":[{"href":"https:\/\/smaria.salou.arqtgn.cat\/es\/wp-json\/wp\/v2\/posts"}],"about":[{"href":"https:\/\/smaria.salou.arqtgn.cat\/es\/wp-json\/wp\/v2\/types\/post"}],"author":[{"embeddable":true,"href":"https:\/\/smaria.salou.arqtgn.cat\/es\/wp-json\/wp\/v2\/users\/11"}],"replies":[{"embeddable":true,"href":"https:\/\/smaria.salou.arqtgn.cat\/es\/wp-json\/wp\/v2\/comments?post=10350"}],"version-history":[{"count":0,"href":"https:\/\/smaria.salou.arqtgn.cat\/es\/wp-json\/wp\/v2\/posts\/10350\/revisions"}],"wp:attachment":[{"href":"https:\/\/smaria.salou.arqtgn.cat\/es\/wp-json\/wp\/v2\/media?parent=10350"}],"wp:term":[{"taxonomy":"category","embeddable":true,"href":"https:\/\/smaria.salou.arqtgn.cat\/es\/wp-json\/wp\/v2\/categories?post=10350"},{"taxonomy":"post_tag","embeddable":true,"href":"https:\/\/smaria.salou.arqtgn.cat\/es\/wp-json\/wp\/v2\/tags?post=10350"}],"curies":[{"name":"wp","href":"https:\/\/api.w.org\/{rel}","templated":true}]}}