{"id":10348,"date":"2018-12-07T00:52:27","date_gmt":"2018-12-06T23:52:27","guid":{"rendered":"http:\/\/smaria.salou.arqtgn.cat\/el-video-del-papa-diciembre-2018-al-servicio-de-la-transmision-de-la-fe\/"},"modified":"2018-12-07T00:52:27","modified_gmt":"2018-12-06T23:52:27","slug":"el-video-del-papa-diciembre-2018-al-servicio-de-la-transmision-de-la-fe","status":"publish","type":"post","link":"https:\/\/smaria.salou.arqtgn.cat\/es\/el-video-del-papa-diciembre-2018-al-servicio-de-la-transmision-de-la-fe\/","title":{"rendered":"El v\u00eddeo del Papa, diciembre 2018. Al servicio de la transmisi\u00f3n de la fe"},"content":{"rendered":"<p>[youtube https:\/\/www.youtube.com\/watch?v=STlIAyeeyJc]<\/p>\n<p>&nbsp;<\/p>\n<p>Diciembre 2018. El Video del Papa: Aprendamos a escuchar.\u00a0 Oigamos c\u00f3mo los dem\u00e1s hablan, viven, y comuniquemos el Evangelio de tal forma que puedan acogerlo en su coraz\u00f3n. As\u00ed, seguro que nos entender\u00e1n. Una vez m\u00e1s, se trata s\u00f3lo de seguir el ejemplo de Jesucristo, el maestro en la comunicaci\u00f3n de la fe.<\/p>\n<p>\u201cSi uno quiere compartir su fe con la palabra, tiene que escuchar mucho.<\/p>\n<p>Imitemos el estilo de Jes\u00fas que se adaptaba a las personas que ten\u00eda ante \u00c9l para acercarles el amor de Dios.<\/p>\n<p>Recemos para que las personas dedicadas al servicio de la transmisi\u00f3n de la fe encuentren un lenguaje adaptado al presente, en di\u00e1logo con la cultura, en di\u00e1logo con el coraz\u00f3n de las personas y sobre todo escuchando mucho.\u201d<\/p>\n<p>Si quieres ver m\u00e1s videos sobre las intenciones del Papa los encontrar\u00e1s en <a class=\"yt-simple-endpoint style-scope yt-formatted-string\" href=\"https:\/\/www.youtube.com\/redirect?q=http%3A%2F%2Fwww.elvideodelpapa.org&amp;event=video_description&amp;redir_token=MsyjxErkdQO66FYAjhBC6I2ZmDp8MTUzMDc0NTE5NEAxNTMwNjU4Nzk0&amp;v=1t_HQJhaM6A\">http:\/\/www.elvideodelpapa.org<\/a><\/p>\n<p>&nbsp;<\/p>\n","protected":false},"excerpt":{"rendered":"<p>[youtube https:\/\/www.youtube.com\/watch?v=STlIAyeeyJc] &nbsp; Diciembre 2018. El Video del Papa: Aprendamos a escuchar.\u00a0 Oigamos c\u00f3mo los dem\u00e1s hablan, viven, y comuniquemos el Evangelio de tal forma que puedan acogerlo en su coraz\u00f3n. As\u00ed, seguro que nos entender\u00e1n. Una vez m\u00e1s, se trata s\u00f3lo de seguir el ejemplo de Jesucristo, el maestro en la comunicaci\u00f3n de la &hellip; <\/p>\n<p><a class=\"more-link btn\" href=\"https:\/\/smaria.salou.arqtgn.cat\/es\/el-video-del-papa-diciembre-2018-al-servicio-de-la-transmision-de-la-fe\/\">Seguir leyendo<\/a><\/p>\n","protected":false},"author":11,"featured_media":0,"comment_status":"closed","ping_status":"closed","sticky":false,"template":"","format":"standard","meta":{"footnotes":""},"categories":[52],"tags":[],"class_list":["post-10348","post","type-post","status-publish","format-standard","hentry","category-para-reflexionar","item-wrap"],"amp_enabled":true,"_links":{"self":[{"href":"https:\/\/smaria.salou.arqtgn.cat\/es\/wp-json\/wp\/v2\/posts\/10348","targetHints":{"allow":["GET"]}}],"collection":[{"href":"https:\/\/smaria.salou.arqtgn.cat\/es\/wp-json\/wp\/v2\/posts"}],"about":[{"href":"https:\/\/smaria.salou.arqtgn.cat\/es\/wp-json\/wp\/v2\/types\/post"}],"author":[{"embeddable":true,"href":"https:\/\/smaria.salou.arqtgn.cat\/es\/wp-json\/wp\/v2\/users\/11"}],"replies":[{"embeddable":true,"href":"https:\/\/smaria.salou.arqtgn.cat\/es\/wp-json\/wp\/v2\/comments?post=10348"}],"version-history":[{"count":0,"href":"https:\/\/smaria.salou.arqtgn.cat\/es\/wp-json\/wp\/v2\/posts\/10348\/revisions"}],"wp:attachment":[{"href":"https:\/\/smaria.salou.arqtgn.cat\/es\/wp-json\/wp\/v2\/media?parent=10348"}],"wp:term":[{"taxonomy":"category","embeddable":true,"href":"https:\/\/smaria.salou.arqtgn.cat\/es\/wp-json\/wp\/v2\/categories?post=10348"},{"taxonomy":"post_tag","embeddable":true,"href":"https:\/\/smaria.salou.arqtgn.cat\/es\/wp-json\/wp\/v2\/tags?post=10348"}],"curies":[{"name":"wp","href":"https:\/\/api.w.org\/{rel}","templated":true}]}}