{"id":10345,"date":"2018-12-02T07:48:08","date_gmt":"2018-12-02T06:48:08","guid":{"rendered":"http:\/\/smaria.salou.arqtgn.cat\/pon-lalarma-despiertate-jesus-viene\/"},"modified":"2018-12-02T07:48:08","modified_gmt":"2018-12-02T06:48:08","slug":"pon-lalarma-despiertate-jesus-viene","status":"publish","type":"post","link":"https:\/\/smaria.salou.arqtgn.cat\/es\/pon-lalarma-despiertate-jesus-viene\/","title":{"rendered":"Pon l&#8217;alarma, despi\u00e9rtate!, Jes\u00fas viene!"},"content":{"rendered":"<p><a href=\"http:\/\/salou2.wp.arqtgn.cat\/wp-content\/uploads\/sites\/10\/2018\/12\/ADV_1r_C_w.jpg\"><img loading=\"lazy\" decoding=\"async\" class=\"aligncenter size-full wp-image-8127\" src=\"http:\/\/salou2.wp.arqtgn.cat\/wp-content\/uploads\/sites\/10\/2018\/12\/ADV_1r_C_w.jpg\" alt=\"\" width=\"800\" height=\"565\" srcset=\"https:\/\/smaria.salou.arqtgn.cat\/wp-content\/uploads\/sites\/10\/2018\/12\/ADV_1r_C_w.jpg 800w, https:\/\/smaria.salou.arqtgn.cat\/wp-content\/uploads\/sites\/10\/2018\/12\/ADV_1r_C_w-300x212.jpg 300w, https:\/\/smaria.salou.arqtgn.cat\/wp-content\/uploads\/sites\/10\/2018\/12\/ADV_1r_C_w-768x542.jpg 768w\" sizes=\"auto, (max-width: 800px) 100vw, 800px\" \/><\/a><\/p>\n<p>Por tantas veces que Dios quiere decirnos que hay muchos motivos para estar alegres. Gracias Jes\u00fas.<\/p>\n<p>Por todas las que tenemos para jugar, para compartir con amigos. Gracias Jes\u00fas.<\/p>\n<p>Por este Adviento que nos vas a recordar que hemos nacido para compartir y amar. Gracias Jes\u00fas.<\/p>\n<p>Por nuestra parroquia, que nos ense\u00f1a cada semana a estar m\u00e1s cerca de ti. Gracias Jes\u00fas.<\/p>\n<p>Por ser capaces de levantarnos cada vez que nos caemos, por seguir adelante con tu ayuda. Gracias Jes\u00fas.<\/p>\n<p>Por despertarnos y estar a punto para preparar tu llegada por Navidad. Gracias Jes\u00fas.<\/p>\n","protected":false},"excerpt":{"rendered":"<p>Por tantas veces que Dios quiere decirnos que hay muchos motivos para estar alegres. Gracias Jes\u00fas. Por todas las que tenemos para jugar, para compartir con amigos. Gracias Jes\u00fas. Por este Adviento que nos vas a recordar que hemos nacido para compartir y amar. Gracias Jes\u00fas. Por nuestra parroquia, que nos ense\u00f1a cada semana a &hellip; <\/p>\n<p><a class=\"more-link btn\" href=\"https:\/\/smaria.salou.arqtgn.cat\/es\/pon-lalarma-despiertate-jesus-viene\/\">Seguir leyendo<\/a><\/p>\n","protected":false},"author":11,"featured_media":0,"comment_status":"closed","ping_status":"closed","sticky":false,"template":"","format":"standard","meta":{"footnotes":""},"categories":[50,54,49],"tags":[],"class_list":["post-10345","post","type-post","status-publish","format-standard","hentry","category-catequesis","category-el-evangelio-en-imagenes","category-preparando-el-domingo","item-wrap"],"amp_enabled":true,"_links":{"self":[{"href":"https:\/\/smaria.salou.arqtgn.cat\/es\/wp-json\/wp\/v2\/posts\/10345","targetHints":{"allow":["GET"]}}],"collection":[{"href":"https:\/\/smaria.salou.arqtgn.cat\/es\/wp-json\/wp\/v2\/posts"}],"about":[{"href":"https:\/\/smaria.salou.arqtgn.cat\/es\/wp-json\/wp\/v2\/types\/post"}],"author":[{"embeddable":true,"href":"https:\/\/smaria.salou.arqtgn.cat\/es\/wp-json\/wp\/v2\/users\/11"}],"replies":[{"embeddable":true,"href":"https:\/\/smaria.salou.arqtgn.cat\/es\/wp-json\/wp\/v2\/comments?post=10345"}],"version-history":[{"count":0,"href":"https:\/\/smaria.salou.arqtgn.cat\/es\/wp-json\/wp\/v2\/posts\/10345\/revisions"}],"wp:attachment":[{"href":"https:\/\/smaria.salou.arqtgn.cat\/es\/wp-json\/wp\/v2\/media?parent=10345"}],"wp:term":[{"taxonomy":"category","embeddable":true,"href":"https:\/\/smaria.salou.arqtgn.cat\/es\/wp-json\/wp\/v2\/categories?post=10345"},{"taxonomy":"post_tag","embeddable":true,"href":"https:\/\/smaria.salou.arqtgn.cat\/es\/wp-json\/wp\/v2\/tags?post=10345"}],"curies":[{"name":"wp","href":"https:\/\/api.w.org\/{rel}","templated":true}]}}