{"id":10317,"date":"2018-11-25T07:13:06","date_gmt":"2018-11-25T06:13:06","guid":{"rendered":"http:\/\/smaria.salou.arqtgn.cat\/que-tipo-de-rey-es-el-no-le-vemos-corona-ni-trono-ni-ejercito\/"},"modified":"2018-11-25T07:13:06","modified_gmt":"2018-11-25T06:13:06","slug":"que-tipo-de-rey-es-el-no-le-vemos-corona-ni-trono-ni-ejercito","status":"publish","type":"post","link":"https:\/\/smaria.salou.arqtgn.cat\/es\/que-tipo-de-rey-es-el-no-le-vemos-corona-ni-trono-ni-ejercito\/","title":{"rendered":"\u00bfQu\u00e9 tipo de Rey es \u00e9l? No le vemos corona, ni trono, ni ej\u00e9rcito &#8230;"},"content":{"rendered":"<p><a href=\"http:\/\/salou2.wp.arqtgn.cat\/wp-content\/uploads\/sites\/10\/2018\/11\/Crist_Rei_B.jpg\"><img loading=\"lazy\" decoding=\"async\" class=\"aligncenter size-full wp-image-8087\" src=\"http:\/\/salou2.wp.arqtgn.cat\/wp-content\/uploads\/sites\/10\/2018\/11\/Crist_Rei_B.jpg\" alt=\"\" width=\"800\" height=\"566\" srcset=\"https:\/\/smaria.salou.arqtgn.cat\/wp-content\/uploads\/sites\/10\/2018\/11\/Crist_Rei_B.jpg 800w, https:\/\/smaria.salou.arqtgn.cat\/wp-content\/uploads\/sites\/10\/2018\/11\/Crist_Rei_B-300x212.jpg 300w, https:\/\/smaria.salou.arqtgn.cat\/wp-content\/uploads\/sites\/10\/2018\/11\/Crist_Rei_B-768x543.jpg 768w\" sizes=\"auto, (max-width: 800px) 100vw, 800px\" \/><\/a><\/p>\n<p>&nbsp;<\/p>\n<p>Gracias, Jes\u00fas, por ser nuestro Rey.<\/p>\n<p>Gracias, Jes\u00fas, porque tu reino es la justicia y el servicio.<\/p>\n<p>Gracias, Jes\u00fas, porque tus armas son el perd\u00f3n, el amor y la misericordia.<\/p>\n<p>Gracias, Jes\u00fas, porque tu castillo es el coraz\u00f3n de cada persona.<\/p>\n<p>Gracias, Jes\u00fas, porque tu corona no es de oro sino los pobres.<\/p>\n<p>Gracias, Jes\u00fas, porque tus vestidos no son de seda.<\/p>\n<p>Gracias, Jes\u00fas, porque tu trono es una cruz.<\/p>\n<p>Gracias, Jes\u00fas, porque nos ense\u00f1as que par ti, reinar es servir.<\/p>\n<p>Gracias, Jes\u00fas, porque nos ense\u00f1as a ser solidarios con todos.<\/p>\n<p>Gracias, Jes\u00fas, porque T\u00fa eres el centro de nuestra vida.<\/p>\n<p>Gracias, Jes\u00fas, por ser nuestro Rey<\/p>\n","protected":false},"excerpt":{"rendered":"<p>&nbsp; Gracias, Jes\u00fas, por ser nuestro Rey. Gracias, Jes\u00fas, porque tu reino es la justicia y el servicio. Gracias, Jes\u00fas, porque tus armas son el perd\u00f3n, el amor y la misericordia. Gracias, Jes\u00fas, porque tu castillo es el coraz\u00f3n de cada persona. Gracias, Jes\u00fas, porque tu corona no es de oro sino los pobres. Gracias, &hellip; <\/p>\n<p><a class=\"more-link btn\" href=\"https:\/\/smaria.salou.arqtgn.cat\/es\/que-tipo-de-rey-es-el-no-le-vemos-corona-ni-trono-ni-ejercito\/\">Seguir leyendo<\/a><\/p>\n","protected":false},"author":11,"featured_media":0,"comment_status":"closed","ping_status":"closed","sticky":false,"template":"","format":"standard","meta":{"footnotes":""},"categories":[50,54,49],"tags":[],"class_list":["post-10317","post","type-post","status-publish","format-standard","hentry","category-catequesis","category-el-evangelio-en-imagenes","category-preparando-el-domingo","item-wrap"],"amp_enabled":true,"_links":{"self":[{"href":"https:\/\/smaria.salou.arqtgn.cat\/es\/wp-json\/wp\/v2\/posts\/10317","targetHints":{"allow":["GET"]}}],"collection":[{"href":"https:\/\/smaria.salou.arqtgn.cat\/es\/wp-json\/wp\/v2\/posts"}],"about":[{"href":"https:\/\/smaria.salou.arqtgn.cat\/es\/wp-json\/wp\/v2\/types\/post"}],"author":[{"embeddable":true,"href":"https:\/\/smaria.salou.arqtgn.cat\/es\/wp-json\/wp\/v2\/users\/11"}],"replies":[{"embeddable":true,"href":"https:\/\/smaria.salou.arqtgn.cat\/es\/wp-json\/wp\/v2\/comments?post=10317"}],"version-history":[{"count":0,"href":"https:\/\/smaria.salou.arqtgn.cat\/es\/wp-json\/wp\/v2\/posts\/10317\/revisions"}],"wp:attachment":[{"href":"https:\/\/smaria.salou.arqtgn.cat\/es\/wp-json\/wp\/v2\/media?parent=10317"}],"wp:term":[{"taxonomy":"category","embeddable":true,"href":"https:\/\/smaria.salou.arqtgn.cat\/es\/wp-json\/wp\/v2\/categories?post=10317"},{"taxonomy":"post_tag","embeddable":true,"href":"https:\/\/smaria.salou.arqtgn.cat\/es\/wp-json\/wp\/v2\/tags?post=10317"}],"curies":[{"name":"wp","href":"https:\/\/api.w.org\/{rel}","templated":true}]}}