{"id":10315,"date":"2018-11-23T12:46:39","date_gmt":"2018-11-23T11:46:39","guid":{"rendered":"http:\/\/smaria.salou.arqtgn.cat\/jesucristo-rey-del-univserso-b-2018\/"},"modified":"2018-11-23T12:46:39","modified_gmt":"2018-11-23T11:46:39","slug":"jesucristo-rey-del-univserso-b-2018","status":"publish","type":"post","link":"https:\/\/smaria.salou.arqtgn.cat\/es\/jesucristo-rey-del-univserso-b-2018\/","title":{"rendered":"Jesucristo, rey del univserso \/ B \/ 2018"},"content":{"rendered":"<p>&nbsp;<\/p>\n<table style=\"height: 211px;width: 739px\">\n<tbody>\n<tr style=\"height: 256px\">\n<td style=\"height: 256px;width: 482px\">&nbsp;<\/p>\n<div id=\"attachment_7624\" style=\"width: 303px\" class=\"wp-caption aligncenter\"><a href=\"http:\/\/www.lecturesmissa.arquebisbattarragona.cat\/ca\/\" target=\"_blank\" rel=\"noopener noreferrer\"><img loading=\"lazy\" decoding=\"async\" aria-describedby=\"caption-attachment-7624\" class=\"wp-image-7624\" src=\"http:\/\/salou2.wp.arqtgn.cat\/wp-content\/uploads\/sites\/10\/2018\/07\/biblia.jpg\" alt=\"\" width=\"303\" height=\"177\" srcset=\"https:\/\/smaria.salou.arqtgn.cat\/wp-content\/uploads\/sites\/10\/2018\/07\/biblia.jpg 640w, https:\/\/smaria.salou.arqtgn.cat\/wp-content\/uploads\/sites\/10\/2018\/07\/biblia-300x176.jpg 300w\" sizes=\"auto, (max-width: 303px) 100vw, 303px\" \/><\/a><p id=\"caption-attachment-7624\" class=\"wp-caption-text\">Palabra de Dios<\/p><\/div>\n<p>&nbsp;<\/td>\n<td style=\"height: 256px;width: 232px\">\n<p><div id=\"attachment_5183\" style=\"width: 205px\" class=\"wp-caption aligncenter\"><a href=\"http:\/\/www.esglesiadetarragona.cat\/wp-content\/uploads\/2018\/11\/fd3585Esp.pdf\" target=\"_blank\" rel=\"noopener noreferrer\"><img loading=\"lazy\" decoding=\"async\" aria-describedby=\"caption-attachment-5183\" class=\"wp-image-5183\" src=\"https:\/\/www.esglesiadetarragona.cat\/wp-content\/uploads\/2018\/11\/fd3585Esp-2.jpg?sequence=3&amp;isAllowed=y?\" alt=\"\" width=\"205\" height=\"280\" \/><\/a><p id=\"caption-attachment-5183\" class=\"wp-caption-text\">Leer la Hoja Dominical<\/p><\/div><\/td>\n<\/tr>\n<\/tbody>\n<\/table>\n<p>[youtube https:\/\/www.youtube.com\/watch?v=OmmvhvFzQRc]<\/p>\n<p>&nbsp;<\/p>\n<p>[youtube https:\/\/www.youtube.com\/watch?v=Yfw_MKcgj5w]<\/p>\n<p>&nbsp;<\/p>\n<h3><img loading=\"lazy\" decoding=\"async\" class=\"aligncenter size-full\" src=\"http:\/\/www.abcat.cat\/wp-content\/uploads\/sites\/20\/2018\/10\/Cartell2018-728x1024.jpg\" width=\"728\" height=\"1024\" \/><\/h3>\n<h3><\/h3>\n<h3><strong><span style=\"color: #ff6600\">Lectura espiritual<\/span><\/strong><\/h3>\n<p style=\"text-align: justify\"><strong>La iniciaci\u00f3n en el misterio de la oraci\u00f3n continua<\/strong> se realiza m\u00e1s por <strong>la irradiaci\u00f3n del padre espiritual amasado en la oraci\u00f3n<\/strong> que por sus palabras. El padre espiritual no es alguien que ense\u00f1a sino el que engendra tal como lo hace el Padre celestial. Henri Fauconnier, en un libro titulado Malaise, hace decir a uno de sus h\u00e9roes: <strong>\u201cPodr\u00e1s conducir a un disc\u00edpulo solo hasta donde hayas llegado t\u00fa mismo, y el camino a menudo es muy largo\u201d<\/strong>. La peregrinaci\u00f3n del coraz\u00f3n contin\u00faa a trav\u00e9s del tiempo y del espacio.<\/p>\n<p style=\"text-align: justify\">Toda la tradici\u00f3n insistir\u00e1 en la importancia y la necesidad de <strong>dejarse ayudar<\/strong> a que sin gu\u00eda en vano nos esforzaremos en la obra espiritual; se ha de ir a encontrar a otro que ya haya hecho el camino. <strong>El hombre hace camino hacia la oraci\u00f3n pero nunca llega totalmente a t\u00e9rmino<\/strong>. Por eso, el director espiritual repite a tiempo y a destiempo un \u00fanico consejo: <strong>perseverar en la oraci\u00f3n<\/strong>.<\/p>\n<p style=\"text-align: justify\">Este consejo sereno, orquestado de mil maneras diversas, en el fondo siempre ser\u00e1 el mismo. En este sentido, el padre espiritual no hace m\u00e1s que repetir lo que Cristo dijo de la viuda inoportuna (Lc 18:1) y que es tambi\u00e9n el pensamiento de san Pablo sobre la oraci\u00f3n: <strong>\u201cRezad sin parar, dad gracias en toda ocasi\u00f3n<\/strong>; que esto es lo que quiere Dios de vosotros en Cristo Jes\u00fas (1Te 5: 17-18).<\/p>\n<p style=\"text-align: justify\">En los \u201cRelatos de un peregrino ruso, el padre espiritual presenta al disc\u00edpulo la forma de oraci\u00f3n m\u00e1s preciosa y profunda de todas, hacia la cual les otras formas habr\u00edan de tender a encaminarlo. Es la oraci\u00f3n m\u00e1s o menos consciente -dice san Antonio, abad: <strong>la oraci\u00f3n no es todav\u00eda perfecta, mientras el monje es consciente y sabe que reza<\/strong>&#8211; de los que est\u00e1n habitados por Dios y su vida trinitaria, con la suficiente fuerza para no escaparse nunca del todo de su influencia. En su vida ya <strong>no se puede distinguir entre reflexi\u00f3n, acci\u00f3n y oraci\u00f3n<\/strong>, <strong>de tanto como el coraz\u00f3n est\u00e1 lleno de Dios<\/strong>. Su oraci\u00f3n se parece al <strong>chorro incesante de una fuente que se alimenta de las profundidades misteriosas del coraz\u00f3n<\/strong>. La oraci\u00f3n se ha convertido en una vida interior en su propia vida. <strong>La oraci\u00f3n penetra toda su existencia a semejanza del ritmo de la respiraci\u00f3n o de los latidos del coraz\u00f3n<\/strong>.<\/p>\n<p style=\"text-align: justify\">A medida que el hombre avanza en la vida de oraci\u00f3n o en la educaci\u00f3n de la oraci\u00f3n que solo hay que decir una cosa a los que quieren aprender a rezar: \u201c<strong>Perseverad<\/strong>\u201d. \u201c<strong>Dios<\/strong>, ha dicho san Juan Cl\u00edmaco, <strong>concede el don de la oraci\u00f3n al que reza<\/strong>\u201d. Hay que, simplemente, dejar que la vida trinitaria respire en nosotros. <strong>Es solo el Esp\u00edritu Santo oculto en el fondo de nuestro coraz\u00f3n quien puede ense\u00f1arnos a rezar. La \u00fanica cosa que podemos hacer es disponernos a acoger el don de la oraci\u00f3n.<\/strong><\/p>\n<p style=\"text-align: justify\">Jesucristo nos dice muy poca cosa a prop\u00f3sito de la oraci\u00f3n: hay que entrar en la alcoba, hacer silencio; cerrar la puerta y orar al Padre en secreto, es decir <strong>hacer salir del coraz\u00f3n todas las inquietudes que nos acometen leg\u00edtimamente y, muy a menudo tambi\u00e9n<\/strong> -reconozc\u00e1moslo- <strong>ileg\u00edtimamente<\/strong>. Y, en cambio, insiste fuertemente en la <strong>confianza y en la perseverancia<\/strong>: hay que pedir, buscar, llamar y sobretodo <strong>no descorazonarse ni cansarse nunca<\/strong>. Con el fin de que entendamos bien esta perseverancia, toma la comparaci\u00f3n del amigo inoportuno y del juez inicuo: hay que pedir \u201csin verg\u00fcenza\u201d ( Lc 11:8) e incluso hay que molestar a Dios hasta \u201cinquietarlo\u201d (Lc 11:8). Hay que hacer notar la fuerza de las expresiones utilizadas por Jes\u00fas y, al mismo tiempo, <strong>la bondad del Padre que se enternece a medida que crece la confianza de aquel que ora<\/strong> (Lc 18:7-8).<\/p>\n<p>.<\/p>\n<p>&nbsp;<\/p>\n<p style=\"text-align: right\"><em>Jean Lafrange: La oraci\u00f3n del coraz\u00f3n<\/em><\/p>\n<p>&nbsp;<\/p>\n","protected":false},"excerpt":{"rendered":"<p>&nbsp; &nbsp; &nbsp; [youtube https:\/\/www.youtube.com\/watch?v=OmmvhvFzQRc] &nbsp; [youtube https:\/\/www.youtube.com\/watch?v=Yfw_MKcgj5w] &nbsp; Lectura espiritual La iniciaci\u00f3n en el misterio de la oraci\u00f3n continua se realiza m\u00e1s por la irradiaci\u00f3n del padre espiritual amasado en la oraci\u00f3n que por sus palabras. El padre espiritual no es alguien que ense\u00f1a sino el que engendra tal como lo hace el Padre &hellip; <\/p>\n<p><a class=\"more-link btn\" href=\"https:\/\/smaria.salou.arqtgn.cat\/es\/jesucristo-rey-del-univserso-b-2018\/\">Seguir leyendo<\/a><\/p>\n","protected":false},"author":11,"featured_media":0,"comment_status":"closed","ping_status":"closed","sticky":false,"template":"","format":"standard","meta":{"footnotes":""},"categories":[52,49],"tags":[],"class_list":["post-10315","post","type-post","status-publish","format-standard","hentry","category-para-reflexionar","category-preparando-el-domingo","item-wrap"],"amp_enabled":true,"_links":{"self":[{"href":"https:\/\/smaria.salou.arqtgn.cat\/es\/wp-json\/wp\/v2\/posts\/10315","targetHints":{"allow":["GET"]}}],"collection":[{"href":"https:\/\/smaria.salou.arqtgn.cat\/es\/wp-json\/wp\/v2\/posts"}],"about":[{"href":"https:\/\/smaria.salou.arqtgn.cat\/es\/wp-json\/wp\/v2\/types\/post"}],"author":[{"embeddable":true,"href":"https:\/\/smaria.salou.arqtgn.cat\/es\/wp-json\/wp\/v2\/users\/11"}],"replies":[{"embeddable":true,"href":"https:\/\/smaria.salou.arqtgn.cat\/es\/wp-json\/wp\/v2\/comments?post=10315"}],"version-history":[{"count":0,"href":"https:\/\/smaria.salou.arqtgn.cat\/es\/wp-json\/wp\/v2\/posts\/10315\/revisions"}],"wp:attachment":[{"href":"https:\/\/smaria.salou.arqtgn.cat\/es\/wp-json\/wp\/v2\/media?parent=10315"}],"wp:term":[{"taxonomy":"category","embeddable":true,"href":"https:\/\/smaria.salou.arqtgn.cat\/es\/wp-json\/wp\/v2\/categories?post=10315"},{"taxonomy":"post_tag","embeddable":true,"href":"https:\/\/smaria.salou.arqtgn.cat\/es\/wp-json\/wp\/v2\/tags?post=10315"}],"curies":[{"name":"wp","href":"https:\/\/api.w.org\/{rel}","templated":true}]}}