{"id":10312,"date":"2018-11-22T00:26:03","date_gmt":"2018-11-21T23:26:03","guid":{"rendered":"http:\/\/smaria.salou.arqtgn.cat\/dejaros-llevar-por-el-las-confirmaciones-de-este-ano\/"},"modified":"2018-11-22T00:26:03","modified_gmt":"2018-11-21T23:26:03","slug":"dejaros-llevar-por-el-las-confirmaciones-de-este-ano","status":"publish","type":"post","link":"https:\/\/smaria.salou.arqtgn.cat\/es\/dejaros-llevar-por-el-las-confirmaciones-de-este-ano\/","title":{"rendered":"\u00abDejaros llevar por El\u00bb, las confirmaciones de este a\u00f1o"},"content":{"rendered":"<p><a href=\"http:\/\/smaria.salou.arqtgn.cat\/wp-content\/uploads\/sites\/10\/2018\/11\/Confir_2018.jpg\"><img loading=\"lazy\" decoding=\"async\" class=\"aligncenter size-full wp-image-8137\" src=\"http:\/\/smaria.salou.arqtgn.cat\/wp-content\/uploads\/sites\/10\/2018\/11\/Confir_2018.jpg\" alt=\"\" width=\"800\" height=\"448\" srcset=\"https:\/\/smaria.salou.arqtgn.cat\/wp-content\/uploads\/sites\/10\/2018\/11\/Confir_2018.jpg 800w, https:\/\/smaria.salou.arqtgn.cat\/wp-content\/uploads\/sites\/10\/2018\/11\/Confir_2018-300x168.jpg 300w, https:\/\/smaria.salou.arqtgn.cat\/wp-content\/uploads\/sites\/10\/2018\/11\/Confir_2018-768x430.jpg 768w\" sizes=\"auto, (max-width: 800px) 100vw, 800px\" \/><\/a><\/p>\n<p>Este pasado domingo 18 de noviembre nueve chicos y chicas de nuestra parroquia recibieron el sacramento de la confirmaci\u00f3n en el transcurso de la Eucarist\u00eda presidida por nuestro se\u00f1or arzobispo, Mns. Jaume Pujol.<\/p>\n<p>Puntualmente, cuando la campana de nuestra parroquia anunciaba que era mediod\u00eda y con una numerosa asistencia, comenzaba la solemne procesi\u00f3n desde el final de la iglesia con los monaguillos, los confirmantes, el se\u00f1or arzobispo y los sacerdotes de la parroquia. Una vez llegados al altar, es la hora de los saludos, la del arzobispo, la del mos\u00e9n Santi y el manifiesto de los confirmantes que ley\u00f3 Lu\u00eds, uno de ellos.<\/p>\n<p><a href=\"https:\/\/photos.app.goo.gl\/atDGvbcQjpBYNzuL8\" target=\"_blank\" rel=\"noopener noreferrer\"><img loading=\"lazy\" decoding=\"async\" class=\"aligncenter\" src=\"https:\/\/lh3.googleusercontent.com\/RilIfb2YNi5MpcZQn-te3NDDe7iLT0fzKbQ95_DWkZduAfhB7trWD-keoivbzcW_-eKOqSvGJXLBqxAj2EBfWEwt6otHv-_YX-LhvgNx0B3uOvIOQt4Raj5Oya5mtp9uhIKQ8XeVfT9YoSisKKyvW8af6bgYb_7ksCiqWGLdmkuUkCSjwxQ2yiCEMbGqH3N9z7Csh-i5kV_oJDgPTAv6dtWfQl-ZpiSoU-hjI4akPBtItuov_2M_ufbCQY_9osRCXP09ySBObCLP3DeQPGHiQjtNmEynl8_ovFO9biya1Xvr1nd5I_FQYy2zmdoqrpqYHsg_cMZ1RSPattClf5zZKTX24FZMZBh_dTU0ioWl_FaAn4lEdFVwj7XDIwpSf8zvWPkhJ2B8lldlL4xYALhfZMTzTNUvQTHg3Z7XHBkmvEljQJw-Foz9GUgSQAXD77dMyYG_bU1kqQYhOEVMmeETPrOgiaqFoA7Rwqh7Nn9PdAjiXnmJ-tc_CrF9ZBz2BpLRLGlX8ZSTMC1R9jh4Av2IumI_0x4ZTHs-0Br1WhnJKkgQCXWa_GbDD0Ees7rVkvhHVqCjVfSeXBFOKEYNwf7lcXQlz2598wBGPEqVjoHzRJ5Bd2JZiitEn1C7et1BIy-CKU30k-UCcL9Sb-iGRYIaOvHz=w1562-h878-no\" alt=\"\" width=\"1562\" height=\"878\" \/><\/a><\/p>\n<p>Despu\u00e9s del evangelio, Pilar, una de las catequistas, present\u00f3 los confirmantes al se\u00f1or arzobispo, a los que dirigi\u00f3 especialmente su pr\u00e9dica, que vers\u00f3 sobre la espiritualidad de los cristianos de saber estar atentos a las necesidades de los dem\u00e1s, especialmente ese domingo que se celebraba la 2\u00aa Jornada Mundial del Pobres. Esta sensibilidad con los dem\u00e1s se concreta con el testimonio de vida y un compromiso hacia los dem\u00e1s, para dar testimonio de la presencia de Dios en medio de nosotros a trav\u00e9s del testimonio de Jes\u00fas. Testimonio del que ellos tambi\u00e9n tienen que coger el relevo, y sobre todo ahora que, para la confirmaci\u00f3n recibir\u00e1n la plenitud del Esp\u00edritu de Dios.<\/p>\n<p>A continuaci\u00f3n y despu\u00e9s de la renovaci\u00f3n de las promesas bautismales, se inici\u00f3 la liturgia del sacramento, momento emotivo y profundamente vivido por los chicos y chicas que se confirmaban. Luego la oraci\u00f3n universal le\u00edda por cada uno de los confirmantes, la liturgia de la eucarist\u00eda y la comuni\u00f3n. Los agradecimientos del arzobispo, del rector y de una de las madres de los confirmantes, marcaba el final de la celebraci\u00f3n.<\/p>\n<div style=\"width: 1242px\" class=\"wp-caption alignnone\"><a href=\"https:\/\/photos.app.goo.gl\/atDGvbcQjpBYNzuL8\" target=\"_blank\" rel=\"noopener noreferrer\"><img loading=\"lazy\" decoding=\"async\" src=\"https:\/\/lh3.googleusercontent.com\/4YVhayVRnerqy60Tx0jlaSTa-oIdQI3dltgtGQnm4zwNb2zcXOvlIsKZggbQSTN-PDEPghBo6SX1WKdyAa6x42CkW_Qempy_U0LAJ1WEo2k3hFPidQY4LsJb3jm3NOvTpNZwpyYD6YHI_aQuAVlMYAZpHsOJTY_D4QGwHJrl5Qqj2aAY_e2Yi5j28smrHEbzsbGbBK-GsgkQdfuQLHt6jf13O5N0BatXnkfAvwehr7OZQDAD5uJYqKdv0SPESUNsl_-jwCfab3LnjKyh-_SOU4W4U6Yhs_vVXS6_3WNWUxH17I3qE5kgB7u8g5AjLA9uK7nY8sf4JPgl8lCqHet9_DUI2Ab4LxhIs_mcemjRf1Ma6gONqpNxm-I3al8BPaTBUlNxDq7t18ttaYVFQAauRR1fOt6FrP_Gf5dILV-dp-7d2ptHTRREVASvgfWUhyeP2YjCYQ8M4PNPaHSiD5zmw4zhBp5mv-5enXZnqjBQWGy11FgzGLgXRQrpLYbYjcuI264L6X2NIukA-j3ECt06FDmcJyerAcGdj0hD99RF1uP8R3MMUVaEXr6WQ37U7zcY-rcDlWv3C8HO-PiTFOzKbZ5POgPaNQNa-XDSiigNDxuTm_L3QsTXEJCneTZdJxPpsfLpDNArR0h54VsCB4t6Of4B=w1242-h878-no\" alt=\"\" width=\"1242\" height=\"878\" \/><\/a><p class=\"wp-caption-text\">Clicar en la imagen para ver m\u00e1s fotos<\/p><\/div>\n<p>Damos gracias a Dios, y como dice el recordatorio, recemos para que estos chicos y chicas se dejen llevar por su Esp\u00edritu.<\/p>\n","protected":false},"excerpt":{"rendered":"<p>Este pasado domingo 18 de noviembre nueve chicos y chicas de nuestra parroquia recibieron el sacramento de la confirmaci\u00f3n en el transcurso de la Eucarist\u00eda presidida por nuestro se\u00f1or arzobispo, Mns. Jaume Pujol. Puntualmente, cuando la campana de nuestra parroquia anunciaba que era mediod\u00eda y con una numerosa asistencia, comenzaba la solemne procesi\u00f3n desde el &hellip; <\/p>\n<p><a class=\"more-link btn\" href=\"https:\/\/smaria.salou.arqtgn.cat\/es\/dejaros-llevar-por-el-las-confirmaciones-de-este-ano\/\">Seguir leyendo<\/a><\/p>\n","protected":false},"author":11,"featured_media":0,"comment_status":"closed","ping_status":"closed","sticky":false,"template":"","format":"standard","meta":{"footnotes":""},"categories":[50],"tags":[],"class_list":["post-10312","post","type-post","status-publish","format-standard","hentry","category-catequesis","item-wrap"],"amp_enabled":true,"_links":{"self":[{"href":"https:\/\/smaria.salou.arqtgn.cat\/es\/wp-json\/wp\/v2\/posts\/10312","targetHints":{"allow":["GET"]}}],"collection":[{"href":"https:\/\/smaria.salou.arqtgn.cat\/es\/wp-json\/wp\/v2\/posts"}],"about":[{"href":"https:\/\/smaria.salou.arqtgn.cat\/es\/wp-json\/wp\/v2\/types\/post"}],"author":[{"embeddable":true,"href":"https:\/\/smaria.salou.arqtgn.cat\/es\/wp-json\/wp\/v2\/users\/11"}],"replies":[{"embeddable":true,"href":"https:\/\/smaria.salou.arqtgn.cat\/es\/wp-json\/wp\/v2\/comments?post=10312"}],"version-history":[{"count":0,"href":"https:\/\/smaria.salou.arqtgn.cat\/es\/wp-json\/wp\/v2\/posts\/10312\/revisions"}],"wp:attachment":[{"href":"https:\/\/smaria.salou.arqtgn.cat\/es\/wp-json\/wp\/v2\/media?parent=10312"}],"wp:term":[{"taxonomy":"category","embeddable":true,"href":"https:\/\/smaria.salou.arqtgn.cat\/es\/wp-json\/wp\/v2\/categories?post=10312"},{"taxonomy":"post_tag","embeddable":true,"href":"https:\/\/smaria.salou.arqtgn.cat\/es\/wp-json\/wp\/v2\/tags?post=10312"}],"curies":[{"name":"wp","href":"https:\/\/api.w.org\/{rel}","templated":true}]}}