{"id":10310,"date":"2018-11-18T00:45:22","date_gmt":"2018-11-17T23:45:22","guid":{"rendered":"http:\/\/smaria.salou.arqtgn.cat\/jesus-llama-a-la-puerta-de-tu-corazon-abrele\/"},"modified":"2018-11-18T00:45:22","modified_gmt":"2018-11-17T23:45:22","slug":"jesus-llama-a-la-puerta-de-tu-corazon-abrele","status":"publish","type":"post","link":"https:\/\/smaria.salou.arqtgn.cat\/es\/jesus-llama-a-la-puerta-de-tu-corazon-abrele\/","title":{"rendered":"Jes\u00fas llama a la puerta de tu coraz\u00f3n, \u00e1brele!"},"content":{"rendered":"<p><a href=\"http:\/\/salou2.wp.arqtgn.cat\/wp-content\/uploads\/sites\/10\/2018\/11\/XXXIII_B_w.jpg\"><img loading=\"lazy\" decoding=\"async\" class=\"aligncenter size-full wp-image-8069\" src=\"http:\/\/salou2.wp.arqtgn.cat\/wp-content\/uploads\/sites\/10\/2018\/11\/XXXIII_B_w.jpg\" alt=\"\" width=\"800\" height=\"566\" srcset=\"https:\/\/smaria.salou.arqtgn.cat\/wp-content\/uploads\/sites\/10\/2018\/11\/XXXIII_B_w.jpg 800w, https:\/\/smaria.salou.arqtgn.cat\/wp-content\/uploads\/sites\/10\/2018\/11\/XXXIII_B_w-300x212.jpg 300w, https:\/\/smaria.salou.arqtgn.cat\/wp-content\/uploads\/sites\/10\/2018\/11\/XXXIII_B_w-768x543.jpg 768w\" sizes=\"auto, (max-width: 800px) 100vw, 800px\" \/><\/a><\/p>\n<p>Gracias, Jes\u00fas, por todas sus ense\u00f1anzas que son luz para nuestra vida.<\/p>\n<p>Gracias, Jes\u00fas, por tu amor que nos da seguridad.<\/p>\n<p>Gracias, Jes\u00fas, por el don de tu paz que nos llena de alegr\u00eda.<\/p>\n<p>Gracias, Jes\u00fas, por tu perd\u00f3n que nos da fuerza para seguirte.<\/p>\n<p>Gracias, Jes\u00fas, por tu venida al final de los tiempos que nos hace vivir en esperanza.<\/p>\n<p>&nbsp;<\/p>\n<p>&nbsp;<\/p>\n<p>&nbsp;<\/p>\n","protected":false},"excerpt":{"rendered":"<p>Gracias, Jes\u00fas, por todas sus ense\u00f1anzas que son luz para nuestra vida. Gracias, Jes\u00fas, por tu amor que nos da seguridad. Gracias, Jes\u00fas, por el don de tu paz que nos llena de alegr\u00eda. Gracias, Jes\u00fas, por tu perd\u00f3n que nos da fuerza para seguirte. Gracias, Jes\u00fas, por tu venida al final de los tiempos &hellip; <\/p>\n<p><a class=\"more-link btn\" href=\"https:\/\/smaria.salou.arqtgn.cat\/es\/jesus-llama-a-la-puerta-de-tu-corazon-abrele\/\">Seguir leyendo<\/a><\/p>\n","protected":false},"author":11,"featured_media":0,"comment_status":"closed","ping_status":"closed","sticky":false,"template":"","format":"standard","meta":{"footnotes":""},"categories":[50,54,52,49],"tags":[],"class_list":["post-10310","post","type-post","status-publish","format-standard","hentry","category-catequesis","category-el-evangelio-en-imagenes","category-para-reflexionar","category-preparando-el-domingo","item-wrap"],"amp_enabled":true,"_links":{"self":[{"href":"https:\/\/smaria.salou.arqtgn.cat\/es\/wp-json\/wp\/v2\/posts\/10310","targetHints":{"allow":["GET"]}}],"collection":[{"href":"https:\/\/smaria.salou.arqtgn.cat\/es\/wp-json\/wp\/v2\/posts"}],"about":[{"href":"https:\/\/smaria.salou.arqtgn.cat\/es\/wp-json\/wp\/v2\/types\/post"}],"author":[{"embeddable":true,"href":"https:\/\/smaria.salou.arqtgn.cat\/es\/wp-json\/wp\/v2\/users\/11"}],"replies":[{"embeddable":true,"href":"https:\/\/smaria.salou.arqtgn.cat\/es\/wp-json\/wp\/v2\/comments?post=10310"}],"version-history":[{"count":0,"href":"https:\/\/smaria.salou.arqtgn.cat\/es\/wp-json\/wp\/v2\/posts\/10310\/revisions"}],"wp:attachment":[{"href":"https:\/\/smaria.salou.arqtgn.cat\/es\/wp-json\/wp\/v2\/media?parent=10310"}],"wp:term":[{"taxonomy":"category","embeddable":true,"href":"https:\/\/smaria.salou.arqtgn.cat\/es\/wp-json\/wp\/v2\/categories?post=10310"},{"taxonomy":"post_tag","embeddable":true,"href":"https:\/\/smaria.salou.arqtgn.cat\/es\/wp-json\/wp\/v2\/tags?post=10310"}],"curies":[{"name":"wp","href":"https:\/\/api.w.org\/{rel}","templated":true}]}}