{"id":10307,"date":"2018-11-16T23:47:59","date_gmt":"2018-11-16T22:47:59","guid":{"rendered":"http:\/\/smaria.salou.arqtgn.cat\/domingo-xxxiii-tiempo-ordinario-b-2018\/"},"modified":"2018-11-16T23:47:59","modified_gmt":"2018-11-16T22:47:59","slug":"domingo-xxxiii-tiempo-ordinario-b-2018","status":"publish","type":"post","link":"https:\/\/smaria.salou.arqtgn.cat\/es\/domingo-xxxiii-tiempo-ordinario-b-2018\/","title":{"rendered":"Domingo XXXIII tiempo ordinario \/ B \/ 2018"},"content":{"rendered":"<p>&nbsp;<\/p>\n<table style=\"height: 211px;width: 739px\">\n<tbody>\n<tr style=\"height: 256px\">\n<td style=\"height: 256px;width: 482px\">&nbsp;<\/p>\n<div id=\"attachment_7624\" style=\"width: 303px\" class=\"wp-caption aligncenter\"><a href=\"http:\/\/www.lecturesmissa.arquebisbattarragona.cat\/ca\/\" target=\"_blank\" rel=\"noopener noreferrer\"><img loading=\"lazy\" decoding=\"async\" aria-describedby=\"caption-attachment-7624\" class=\"wp-image-7624\" src=\"http:\/\/salou2.wp.arqtgn.cat\/wp-content\/uploads\/sites\/10\/2018\/07\/biblia.jpg\" alt=\"\" width=\"303\" height=\"177\" srcset=\"https:\/\/smaria.salou.arqtgn.cat\/wp-content\/uploads\/sites\/10\/2018\/07\/biblia.jpg 640w, https:\/\/smaria.salou.arqtgn.cat\/wp-content\/uploads\/sites\/10\/2018\/07\/biblia-300x176.jpg 300w\" sizes=\"auto, (max-width: 303px) 100vw, 303px\" \/><\/a><p id=\"caption-attachment-7624\" class=\"wp-caption-text\">Palabra de Dios<\/p><\/div>\n<p>&nbsp;<\/td>\n<td style=\"height: 256px;width: 232px\">\n<p><div id=\"attachment_5183\" style=\"width: 205px\" class=\"wp-caption aligncenter\"><a href=\"http:\/\/www.esglesiadetarragona.cat\/wp-content\/uploads\/2018\/11\/hd3584-Esp.pdf\" target=\"_blank\" rel=\"noopener noreferrer\"><img loading=\"lazy\" decoding=\"async\" aria-describedby=\"caption-attachment-5183\" class=\"wp-image-5183\" src=\"https:\/\/www.esglesiadetarragona.cat\/wp-content\/uploads\/2018\/11\/hd3584Esp-2.jpg?sequence=3&amp;isAllowed=y?\" alt=\"\" width=\"205\" height=\"280\" \/><\/a><p id=\"caption-attachment-5183\" class=\"wp-caption-text\">Leer la Hoja Dominical<\/p><\/div><\/td>\n<\/tr>\n<\/tbody>\n<\/table>\n<p>[youtube https:\/\/www.youtube.com\/watch?v=4Cow_WgmUQM]<\/p>\n<p>&nbsp;<\/p>\n<p>[youtube https:\/\/www.youtube.com\/watch?v=SSXSuKoJ6hY]<\/p>\n<p><a href=\"http:\/\/salou2.wp.arqtgn.cat\/wp-content\/uploads\/sites\/10\/2018\/11\/Por_Confi.jpg\"><img loading=\"lazy\" decoding=\"async\" class=\"aligncenter size-full wp-image-8065\" src=\"http:\/\/salou2.wp.arqtgn.cat\/wp-content\/uploads\/sites\/10\/2018\/11\/Por_Confi.jpg\" alt=\"\" width=\"800\" height=\"1131\" srcset=\"https:\/\/smaria.salou.arqtgn.cat\/wp-content\/uploads\/sites\/10\/2018\/11\/Por_Confi.jpg 800w, https:\/\/smaria.salou.arqtgn.cat\/wp-content\/uploads\/sites\/10\/2018\/11\/Por_Confi-212x300.jpg 212w, https:\/\/smaria.salou.arqtgn.cat\/wp-content\/uploads\/sites\/10\/2018\/11\/Por_Confi-768x1086.jpg 768w, https:\/\/smaria.salou.arqtgn.cat\/wp-content\/uploads\/sites\/10\/2018\/11\/Por_Confi-724x1024.jpg 724w\" sizes=\"auto, (max-width: 800px) 100vw, 800px\" \/><\/a><\/p>\n<div style=\"width: 449px\" class=\"wp-caption aligncenter\"><a href=\"http:\/\/www.pcpne.va\/content\/pcpne\/es\/attivita\/gmdp\/2018\/messaggio.html\" target=\"_blank\" rel=\"noopener noreferrer\"><img loading=\"lazy\" decoding=\"async\" src=\"http:\/\/www.pcpne.va\/content\/dam\/pcpne\/image\/GiornataMondialePoveri\/2018\/logo\/WDP_LOGO_ESP_ESP.jpg\/_jcr_content\/renditions\/cq5dam.web.1280.1280.jpeg\" alt=\"\" width=\"449\" height=\"708\" \/><\/a><p class=\"wp-caption-text\">Haced \u00abclic\u00bb encima la imagen para leer el mensaje del Papa Francisco.<\/p><\/div>\n<h3><\/h3>\n<h3><strong><span style=\"color: #ff6600\">Lectura espiritual<\/span><\/strong><\/h3>\n<p style=\"text-align: justify\"><strong>La oraci\u00f3n continua ha venido del deseo de dar gracias<\/strong>. En los \u201cRelatos de un pelegrino ruso\u201d se lee: \u201cEl domingo veinticuatro despu\u00e9s de la Trinidad entr\u00e9 en la iglesia para rezar durante el oficio; se le\u00eda la ep\u00edstola del Ap\u00f3stol a los tesalonicenses, en el pasaje en que se dice: <strong>Rezad sin parar<\/strong>. Estas palabras penetraron profundamente en mi esp\u00edritu y me pregunt\u00e9 c\u00f3mo era posible rezar sin parar cuando cada uno de nosotros se ha de ocupar de numerosos trabajos para llevar a t\u00e9rmino su propia vida\u201d.<\/p>\n<p style=\"text-align: justify\">Entonces se puso en camino para realizar una peregrinaci\u00f3n que es sobre todo una peregrinaci\u00f3n al coraz\u00f3n. Busc\u00f3 al hombre que pudiera decirle una \u201cpalabra de vida\u201d; encontr\u00f3 mucha gente que le hizo discursos muy bonitos sobre la oraci\u00f3n, pero no encontr\u00f3 al hombre que le ense\u00f1ara a hacerla, hasta el d\u00eda que lleg\u00f3 a un anciano de estos que irradian oraci\u00f3n por todo su ser. Un anciano -tenga la edad que tenga- es aquel que est\u00e1 revestido de <strong>la verdadera belleza que sube del coraz\u00f3n.<\/strong> El ideal es armonizar las edades de la vida: la barba y los cabellos blancos con los ojos de un ni\u00f1o. Y es que <strong>la gracia de Dios embellece al hombre y el pecado lo deforma.<\/strong><\/p>\n<p style=\"text-align: justify\">Encontr\u00f3, pues, uno de estos ancianos que le dirigi\u00f3 estas palabras: <strong>\u201cla oraci\u00f3n de Jes\u00fas interior y constante es la invocaci\u00f3n continua e ininterrumpida del nombre de Jes\u00fas por medio de los labios, del coraz\u00f3n y de la inteligencia, sintiendo su presencia siempre y en todo lugar, incluso mientras dormimos<\/strong>. Se expresa con estas palabras: <strong>Se\u00f1or Jes\u00fas, ten piedad de m\u00ed.<\/strong> Aquel que se habit\u00faa a esta invocaci\u00f3n siente un gran consuelo y la necesidad de decirla siempre; al cabo de un tiempo ya no sabe estar sin decirla, es por ella sola que nace en \u00e9l. \u00bfComprendes, ahora, que es la oraci\u00f3n perpetua?<\/p>\n<p style=\"text-align: justify\">No se trata de repetir esta oraci\u00f3n mec\u00e1nicamente, sino simplemente tal como viene <strong>siguiendo el ritmo de la respiraci\u00f3n<\/strong>; al inspirar: \u201cSe\u00f1or Jes\u00fas\u201d, y al expirar: \u201cten piedad de mi\u201d. Se da aqu\u00ed una posibilidad extremamente humilde y simple que era bien conocida en Occidente donde se recitaba a menudo la expresi\u00f3n del salmo: \u201cSe\u00f1or, ven a ayudarme\u201d, o simplemente \u201cKyrie eleison\u201d. Es una oraci\u00f3n que se puede ampliar o, por el contrario, acortar hasta <strong>el simple recuerdo del Nombre tan amado: \u201cJes\u00fas\u201d.<\/strong><\/p>\n<p style=\"text-align: justify\">Es una manera de orar <strong>adaptada al hombre de hoy que confiesa que no tiene tiempo de orar<\/strong>. De hecho, cuando se practica esta oraci\u00f3n, por poco que sea, descubrimos que se tiene m\u00e1s tiempo del que nos imaginamos: tiempo de subir una escalera, de andar por la calle, en el autob\u00fas o el tren\u2026 La invocaci\u00f3n del nombre de Jes\u00fas est\u00e1 al abasto de los adoradores m\u00e1s humildes i, en cambio, introduce en los misterios m\u00e1s profundos. Se adapta a todas las circunstancias de tiempo y de lugar: el campo, la f\u00e1brica, la cocina le son compatibles. (Pero no podemos convertirla en una especie de yoga cristiano).<\/p>\n<p style=\"text-align: justify\">Lo que se propone la oraci\u00f3n de Jes\u00fas es la <strong>toma de conciencia de la deificaci\u00f3n<\/strong> del hombre creado a semejanza de Dios: <strong>conocer experimentalmente la gracia del Esp\u00edritu Santo, y vivir una alternancia de presencia y de ausencia de Dios.<\/strong><\/p>\n<p style=\"text-align: justify\">Es en la unificaci\u00f3n del hombre a partir del coraz\u00f3n donde reside la energ\u00eda divina. El hombre iluminado por esta luz del Esp\u00edritu vive a partir de un centro que brilla e irradia toda su persona, sus sentidos y sus facultades. Y es all\u00ed donde se sit\u00faa la verdadera ascesis. <strong>El coraz\u00f3n del hombre es el centro de la integraci\u00f3n donde habita la energ\u00eda bautismal<\/strong>. <strong>El nombre de Jes\u00fas, portador de su presencia, es el instrumento mayor de esta unificaci\u00f3n<\/strong>. Es el tema de la vigilancia y la guarda del coraz\u00f3n. El hombre hace camino hacia la oraci\u00f3n continua y filtra, sin parar, su coraz\u00f3n en el nombre de Jes\u00fas.<\/p>\n<p>&nbsp;<\/p>\n<p style=\"text-align: right\"><em>Jean Lafrange: La oraci\u00f3n del coraz\u00f3n<\/em><\/p>\n<p>&nbsp;<\/p>\n","protected":false},"excerpt":{"rendered":"<p>&nbsp; &nbsp; &nbsp; [youtube https:\/\/www.youtube.com\/watch?v=4Cow_WgmUQM] &nbsp; [youtube https:\/\/www.youtube.com\/watch?v=SSXSuKoJ6hY] Lectura espiritual La oraci\u00f3n continua ha venido del deseo de dar gracias. En los \u201cRelatos de un pelegrino ruso\u201d se lee: \u201cEl domingo veinticuatro despu\u00e9s de la Trinidad entr\u00e9 en la iglesia para rezar durante el oficio; se le\u00eda la ep\u00edstola del Ap\u00f3stol a los tesalonicenses, en &hellip; <\/p>\n<p><a class=\"more-link btn\" href=\"https:\/\/smaria.salou.arqtgn.cat\/es\/domingo-xxxiii-tiempo-ordinario-b-2018\/\">Seguir leyendo<\/a><\/p>\n","protected":false},"author":11,"featured_media":0,"comment_status":"closed","ping_status":"closed","sticky":false,"template":"","format":"standard","meta":{"footnotes":""},"categories":[52,49],"tags":[],"class_list":["post-10307","post","type-post","status-publish","format-standard","hentry","category-para-reflexionar","category-preparando-el-domingo","item-wrap"],"amp_enabled":true,"_links":{"self":[{"href":"https:\/\/smaria.salou.arqtgn.cat\/es\/wp-json\/wp\/v2\/posts\/10307","targetHints":{"allow":["GET"]}}],"collection":[{"href":"https:\/\/smaria.salou.arqtgn.cat\/es\/wp-json\/wp\/v2\/posts"}],"about":[{"href":"https:\/\/smaria.salou.arqtgn.cat\/es\/wp-json\/wp\/v2\/types\/post"}],"author":[{"embeddable":true,"href":"https:\/\/smaria.salou.arqtgn.cat\/es\/wp-json\/wp\/v2\/users\/11"}],"replies":[{"embeddable":true,"href":"https:\/\/smaria.salou.arqtgn.cat\/es\/wp-json\/wp\/v2\/comments?post=10307"}],"version-history":[{"count":0,"href":"https:\/\/smaria.salou.arqtgn.cat\/es\/wp-json\/wp\/v2\/posts\/10307\/revisions"}],"wp:attachment":[{"href":"https:\/\/smaria.salou.arqtgn.cat\/es\/wp-json\/wp\/v2\/media?parent=10307"}],"wp:term":[{"taxonomy":"category","embeddable":true,"href":"https:\/\/smaria.salou.arqtgn.cat\/es\/wp-json\/wp\/v2\/categories?post=10307"},{"taxonomy":"post_tag","embeddable":true,"href":"https:\/\/smaria.salou.arqtgn.cat\/es\/wp-json\/wp\/v2\/tags?post=10307"}],"curies":[{"name":"wp","href":"https:\/\/api.w.org\/{rel}","templated":true}]}}