{"id":10299,"date":"2018-11-09T16:27:40","date_gmt":"2018-11-09T15:27:40","guid":{"rendered":"http:\/\/smaria.salou.arqtgn.cat\/domingo-xxxii-tiempo-ordinario-b-2018\/"},"modified":"2018-11-09T16:27:40","modified_gmt":"2018-11-09T15:27:40","slug":"domingo-xxxii-tiempo-ordinario-b-2018","status":"publish","type":"post","link":"https:\/\/smaria.salou.arqtgn.cat\/es\/domingo-xxxii-tiempo-ordinario-b-2018\/","title":{"rendered":"Domingo XXXII tiempo ordinario \/ B \/ 2018"},"content":{"rendered":"<p>&nbsp;<\/p>\n<table style=\"height: 211px;width: 739px\">\n<tbody>\n<tr style=\"height: 256px\">\n<td style=\"height: 256px;width: 482px\">&nbsp;<\/p>\n<div id=\"attachment_7624\" style=\"width: 303px\" class=\"wp-caption aligncenter\"><a href=\"http:\/\/www.lecturesmissa.arquebisbattarragona.cat\/ca\/\" target=\"_blank\" rel=\"noopener noreferrer\"><img loading=\"lazy\" decoding=\"async\" aria-describedby=\"caption-attachment-7624\" class=\"wp-image-7624\" src=\"http:\/\/salou2.wp.arqtgn.cat\/wp-content\/uploads\/sites\/10\/2018\/07\/biblia.jpg\" alt=\"\" width=\"303\" height=\"177\" srcset=\"https:\/\/smaria.salou.arqtgn.cat\/wp-content\/uploads\/sites\/10\/2018\/07\/biblia.jpg 640w, https:\/\/smaria.salou.arqtgn.cat\/wp-content\/uploads\/sites\/10\/2018\/07\/biblia-300x176.jpg 300w\" sizes=\"auto, (max-width: 303px) 100vw, 303px\" \/><\/a><p id=\"caption-attachment-7624\" class=\"wp-caption-text\">Palabra de Dios<\/p><\/div>\n<p>&nbsp;<\/td>\n<td style=\"height: 256px;width: 232px\">\n<p><div id=\"attachment_5183\" style=\"width: 205px\" class=\"wp-caption aligncenter\"><a href=\"http:\/\/www.esglesiadetarragona.cat\/wp-content\/uploads\/2018\/11\/hd3583Esp.pdf\"><img loading=\"lazy\" decoding=\"async\" aria-describedby=\"caption-attachment-5183\" class=\"wp-image-5183\" src=\"https:\/\/www.esglesiadetarragona.cat\/wp-content\/uploads\/2018\/11\/hd3583Esp-2.jpg?sequence=3&amp;isAllowed=y?\" alt=\"\" width=\"205\" height=\"280\" \/><\/a><p id=\"caption-attachment-5183\" class=\"wp-caption-text\">Leer la Hoja Dominical<\/p><\/div><\/td>\n<\/tr>\n<\/tbody>\n<\/table>\n<p>[youtube https:\/\/www.youtube.com\/watch?v=1Uw1M2N9-Ig]<\/p>\n<p>&nbsp;<\/p>\n<p>[youtube https:\/\/www.youtube.com\/watch?v=LnwTYjI9Wus]<\/p>\n<h3><\/h3>\n<div id=\"attachment_8043\" style=\"width: 640px\" class=\"wp-caption aligncenter\"><a href=\"http:\/\/pertants.arqtgn.cat\/wp-content\/uploads\/sites\/61\/2018\/10\/Tarragona.pdf\" target=\"_blank\" rel=\"noopener noreferrer\"><img loading=\"lazy\" decoding=\"async\" aria-describedby=\"caption-attachment-8043\" class=\"wp-image-8043 size-full\" src=\"http:\/\/salou2.wp.arqtgn.cat\/wp-content\/uploads\/sites\/10\/2018\/11\/ger_es.jpg\" alt=\"\" width=\"640\" height=\"486\" srcset=\"https:\/\/smaria.salou.arqtgn.cat\/wp-content\/uploads\/sites\/10\/2018\/11\/ger_es.jpg 640w, https:\/\/smaria.salou.arqtgn.cat\/wp-content\/uploads\/sites\/10\/2018\/11\/ger_es-300x228.jpg 300w\" sizes=\"auto, (max-width: 640px) 100vw, 640px\" \/><\/a><p id=\"caption-attachment-8043\" class=\"wp-caption-text\">Clicar encima de la imagen para descargaros la memoria de actividades y etado de cuentas del 2017 de la archidi\u00f3cesi en castellano.<\/p><\/div>\n<p>[youtube https:\/\/www.youtube.com\/watch?v=9V2nA1oULf8]<\/p>\n<h3><\/h3>\n<h3><strong><span style=\"color: #ff6600\">Lectura espiritual<\/span><\/strong><\/h3>\n<p style=\"text-align: justify\">En la <strong>Eucarist\u00eda<\/strong> nuestra vida cotidiana e hist\u00f3rica reencuentra su <strong>vocaci\u00f3n original<\/strong> que es la de ser una <strong>alabanza de gloria a la Trinidad.<\/strong><\/p>\n<p style=\"text-align: justify\">A la ep\u00edclesis de comuni\u00f3n, suplicamos al Esp\u00edritu por todos los que participar\u00e1n de este pan y beber\u00e1n de este c\u00e1liz y le pedimos: \u201cque reunidos en un solo cuerpo por el Esp\u00edritu Santo, <strong>sean en Cristo una v\u00edctima viva de alabanza de tu gloria\u201d <\/strong>(Plegaria eucar\u00edstica IV). Y as\u00ed en la Eucarist\u00eda <strong>entramos<\/strong> en la divina humanidad o, retomando una expresi\u00f3n que abre y cierra el evangelio de san Lucas, en la <strong>\u201cgran alegr\u00eda\u201d. <\/strong><\/p>\n<p style=\"text-align: justify\"><strong>La Eucarist\u00eda es el lugar de un Pentecost\u00e9s<\/strong> porque el Cuerpo de Cristo es un cuerpo encendido de las energ\u00edas del Esp\u00edritu. Cuando el sacerdote dice la gran ep\u00edclesis eucar\u00edstica de la consagraci\u00f3n: <strong>\u201cEnv\u00eda tu Esp\u00edritu sobre nosotros y sobre los dones que te presentamos\u201d<\/strong>, entramos en el Cuerpo de Cristo comulgamos con los dones convertidos en el Cuerpo y en la Sangre del Resucitado. En un Pentecost\u00e9s que contin\u00faa y nos engloba.<\/p>\n<p style=\"text-align: justify\">El problema es que <strong>uno no puede celebrar la Eucarist\u00eda continuamente.<\/strong> En Occidente, a fuerza de reproducir el signo corremos el riesgo de degradarlo. Por eso hay que poner el <strong>acento en la interiorizaci\u00f3n de la Eucarist\u00eda. <\/strong><\/p>\n<p style=\"text-align: justify\"><strong>Hay una Cena totalmente espiritual que el Se\u00f1or hace en la c\u00e1mara alta de nuestra alma y nos une a Cristo como la esposa al esposo: \u201cRestad en m\u00ed y yo en vosotros\u201d.<\/strong> En Oriente no se celebra cada d\u00eda, pero se es muy sensible al fruto de la Eucarist\u00eda que ha de producir la uni\u00f3n y la identificaci\u00f3n con Cristo. As\u00ed que se acaba esta uni\u00f3n en la vida, hay que retornar a la eucarist\u00eda sacramental.<\/p>\n<p style=\"text-align: justify\">Se habla de <strong>eucarist\u00eda perpetua<\/strong>, de <strong>eucarist\u00eda incesante<\/strong>. \u00bfQu\u00e9 hay que hacer para que esta eucarist\u00eda se vuelva estable? En otras palabras, \u00bfqu\u00e9 hay que hacer para volverse hombres eucar\u00edsticos? Ved la gran definici\u00f3n de la vida espiritual que da san Pablo: \u201c<strong>Dad gracias en toda ocasi\u00f3n<\/strong>\u201d (1Te 5:18). D\u00e9monos cuenta de que esta recomendaci\u00f3n viene justo despu\u00e9s de la de orar sin parar (v. 17). De esta manera <strong>la oraci\u00f3n continua es el fruto de un deseo de dar gracias en todo. <\/strong><\/p>\n<p style=\"text-align: justify\"><strong>Eucarist\u00eda quiere decir acci\u00f3n de gracias<\/strong>. <strong>Es necesario llegar a ser aquel hombre que celebra, que da gracias y recibe cada instante de su vida en acci\u00f3n de gracias<\/strong>.<\/p>\n<p style=\"text-align: right\"><em>Jean Lafrange: La oraci\u00f3n del coraz\u00f3n<\/em><\/p>\n<p>&nbsp;<\/p>\n","protected":false},"excerpt":{"rendered":"<p>&nbsp; &nbsp; &nbsp; [youtube https:\/\/www.youtube.com\/watch?v=1Uw1M2N9-Ig] &nbsp; [youtube https:\/\/www.youtube.com\/watch?v=LnwTYjI9Wus] [youtube https:\/\/www.youtube.com\/watch?v=9V2nA1oULf8] Lectura espiritual En la Eucarist\u00eda nuestra vida cotidiana e hist\u00f3rica reencuentra su vocaci\u00f3n original que es la de ser una alabanza de gloria a la Trinidad. A la ep\u00edclesis de comuni\u00f3n, suplicamos al Esp\u00edritu por todos los que participar\u00e1n de este pan y beber\u00e1n de &hellip; <\/p>\n<p><a class=\"more-link btn\" href=\"https:\/\/smaria.salou.arqtgn.cat\/es\/domingo-xxxii-tiempo-ordinario-b-2018\/\">Seguir leyendo<\/a><\/p>\n","protected":false},"author":11,"featured_media":0,"comment_status":"closed","ping_status":"closed","sticky":false,"template":"","format":"standard","meta":{"footnotes":""},"categories":[52,49],"tags":[],"class_list":["post-10299","post","type-post","status-publish","format-standard","hentry","category-para-reflexionar","category-preparando-el-domingo","item-wrap"],"amp_enabled":true,"_links":{"self":[{"href":"https:\/\/smaria.salou.arqtgn.cat\/es\/wp-json\/wp\/v2\/posts\/10299","targetHints":{"allow":["GET"]}}],"collection":[{"href":"https:\/\/smaria.salou.arqtgn.cat\/es\/wp-json\/wp\/v2\/posts"}],"about":[{"href":"https:\/\/smaria.salou.arqtgn.cat\/es\/wp-json\/wp\/v2\/types\/post"}],"author":[{"embeddable":true,"href":"https:\/\/smaria.salou.arqtgn.cat\/es\/wp-json\/wp\/v2\/users\/11"}],"replies":[{"embeddable":true,"href":"https:\/\/smaria.salou.arqtgn.cat\/es\/wp-json\/wp\/v2\/comments?post=10299"}],"version-history":[{"count":0,"href":"https:\/\/smaria.salou.arqtgn.cat\/es\/wp-json\/wp\/v2\/posts\/10299\/revisions"}],"wp:attachment":[{"href":"https:\/\/smaria.salou.arqtgn.cat\/es\/wp-json\/wp\/v2\/media?parent=10299"}],"wp:term":[{"taxonomy":"category","embeddable":true,"href":"https:\/\/smaria.salou.arqtgn.cat\/es\/wp-json\/wp\/v2\/categories?post=10299"},{"taxonomy":"post_tag","embeddable":true,"href":"https:\/\/smaria.salou.arqtgn.cat\/es\/wp-json\/wp\/v2\/tags?post=10299"}],"curies":[{"name":"wp","href":"https:\/\/api.w.org\/{rel}","templated":true}]}}