{"id":10297,"date":"2018-11-08T14:10:48","date_gmt":"2018-11-08T13:10:48","guid":{"rendered":"http:\/\/smaria.salou.arqtgn.cat\/el-video-del-papa-noviembre-2018-al-servicio-de-la-paz\/"},"modified":"2018-11-08T14:10:48","modified_gmt":"2018-11-08T13:10:48","slug":"el-video-del-papa-noviembre-2018-al-servicio-de-la-paz","status":"publish","type":"post","link":"https:\/\/smaria.salou.arqtgn.cat\/es\/el-video-del-papa-noviembre-2018-al-servicio-de-la-paz\/","title":{"rendered":"El v\u00eddeo del Papa, noviembre 2018. Al servicio de la paz."},"content":{"rendered":"<p>[youtube https:\/\/www.youtube.com\/watch?v=EfUNqjwIrWQ]<\/p>\n<p>&nbsp;<\/p>\n<p>Tres letras que algunos usan como lo m\u00e1s normal y que otros hace a\u00f1os que no viven. Porque en muchos lugares del mundo no es una realidad: es s\u00f3lo un deseo para miles de personas que sufren por su ausencia. Pensemos m\u00e1s que en esas tres letras , en lo que significan. Recemos y trabajemos para conseguir la verdadera paz.<\/p>\n<p>\u201cTodos queremos la paz. Y, m\u00e1s que nadie, los que sufren por su ausencia.<\/p>\n<p>Recordemos que Jes\u00fas tambi\u00e9n vivi\u00f3 en tiempos de violencia. Y \u00c9l nos ense\u00f1\u00f3 que la verdadera paz est\u00e1 en el coraz\u00f3n humano.<\/p>\n<p>Podemos hablar con palabras espl\u00e9ndidas, hacer una gran conferencia, pero si en nuestro coraz\u00f3n no hay paz, no la habr\u00e1 en el mundo.<\/p>\n<p>Practiquemos esta paz en lo peque\u00f1o, con el di\u00e1logo guiando las relaciones personales y sociales.<\/p>\n<p>Con cero violencia y 100 por ciento ternura, construyamos la paz evang\u00e9lica que no excluye a nadie, sino que integra a todos, especialmente a los j\u00f3venes y los ni\u00f1os.<\/p>\n<p>Recemos juntos para que el lenguaje del coraz\u00f3n y del di\u00e1logo prevalezca siempre sobre el lenguaje de las armas.\u201d<\/p>\n<p>Si quieres ver m\u00e1s videos sobre las intenciones del Papa los encontrar\u00e1s en <a class=\"yt-simple-endpoint style-scope yt-formatted-string\" href=\"https:\/\/www.youtube.com\/redirect?q=http%3A%2F%2Fwww.elvideodelpapa.org&amp;event=video_description&amp;redir_token=MsyjxErkdQO66FYAjhBC6I2ZmDp8MTUzMDc0NTE5NEAxNTMwNjU4Nzk0&amp;v=1t_HQJhaM6A\">http:\/\/www.elvideodelpapa.org<\/a><\/p>\n<p>&nbsp;<\/p>\n","protected":false},"excerpt":{"rendered":"<p>[youtube https:\/\/www.youtube.com\/watch?v=EfUNqjwIrWQ] &nbsp; Tres letras que algunos usan como lo m\u00e1s normal y que otros hace a\u00f1os que no viven. Porque en muchos lugares del mundo no es una realidad: es s\u00f3lo un deseo para miles de personas que sufren por su ausencia. Pensemos m\u00e1s que en esas tres letras , en lo que significan. &hellip; <\/p>\n<p><a class=\"more-link btn\" href=\"https:\/\/smaria.salou.arqtgn.cat\/es\/el-video-del-papa-noviembre-2018-al-servicio-de-la-paz\/\">Seguir leyendo<\/a><\/p>\n","protected":false},"author":11,"featured_media":0,"comment_status":"closed","ping_status":"closed","sticky":false,"template":"","format":"standard","meta":{"footnotes":""},"categories":[52],"tags":[],"class_list":["post-10297","post","type-post","status-publish","format-standard","hentry","category-para-reflexionar","item-wrap"],"amp_enabled":true,"_links":{"self":[{"href":"https:\/\/smaria.salou.arqtgn.cat\/es\/wp-json\/wp\/v2\/posts\/10297","targetHints":{"allow":["GET"]}}],"collection":[{"href":"https:\/\/smaria.salou.arqtgn.cat\/es\/wp-json\/wp\/v2\/posts"}],"about":[{"href":"https:\/\/smaria.salou.arqtgn.cat\/es\/wp-json\/wp\/v2\/types\/post"}],"author":[{"embeddable":true,"href":"https:\/\/smaria.salou.arqtgn.cat\/es\/wp-json\/wp\/v2\/users\/11"}],"replies":[{"embeddable":true,"href":"https:\/\/smaria.salou.arqtgn.cat\/es\/wp-json\/wp\/v2\/comments?post=10297"}],"version-history":[{"count":0,"href":"https:\/\/smaria.salou.arqtgn.cat\/es\/wp-json\/wp\/v2\/posts\/10297\/revisions"}],"wp:attachment":[{"href":"https:\/\/smaria.salou.arqtgn.cat\/es\/wp-json\/wp\/v2\/media?parent=10297"}],"wp:term":[{"taxonomy":"category","embeddable":true,"href":"https:\/\/smaria.salou.arqtgn.cat\/es\/wp-json\/wp\/v2\/categories?post=10297"},{"taxonomy":"post_tag","embeddable":true,"href":"https:\/\/smaria.salou.arqtgn.cat\/es\/wp-json\/wp\/v2\/tags?post=10297"}],"curies":[{"name":"wp","href":"https:\/\/api.w.org\/{rel}","templated":true}]}}