{"id":10290,"date":"2018-11-02T12:33:46","date_gmt":"2018-11-02T11:33:46","guid":{"rendered":"http:\/\/smaria.salou.arqtgn.cat\/ofrenda-foral-a-santa-maria-del-mar\/"},"modified":"2018-11-02T12:33:46","modified_gmt":"2018-11-02T11:33:46","slug":"ofrenda-foral-a-santa-maria-del-mar","status":"publish","type":"post","link":"https:\/\/smaria.salou.arqtgn.cat\/es\/ofrenda-foral-a-santa-maria-del-mar\/","title":{"rendered":"Ofrenda foral a Santa Maria del Mar"},"content":{"rendered":"<p><span id=\"result_box\" class=\"\" lang=\"es\">En el marco de los actos de la celebraci\u00f3n de D\u00eda de la Segregaci\u00f3n, este martes 30 de octubre tuvo lugar en nuestra parroquia la ofrenda floral a nuestra Virgen con una muy buena asistencia <span class=\"\">personas y entidades<\/span>. Fue un acto muy emotivo al final de cual se cantaron los \u00abGoigs\u00bb a la Virgen.<\/span><\/p>\n<p><span class=\"\">Despu\u00e9s de la<\/span> misa de las 12h las diferentes entidades del pueblo encabezadas por <span class=\"\">el ayuntamiento<\/span> hicieron sus ofrendas forales. Pasaron representantes de entidades sociales, de ocio y del cortejo, que iban dejando ramos de flores. Tambi\u00e9n todos los asistentes pudieron hacer una ofrenda personal con un clavel, de color amarillo o azul, <span class=\"\">que sirvi\u00f3 para<\/span> confeccionar el nombre de Salou. Unos y otros fueron acogidos <span class=\"\">y saludados<\/span> por Mn. Santi.<\/p>\n","protected":false},"excerpt":{"rendered":"<p>En el marco de los actos de la celebraci\u00f3n de D\u00eda de la Segregaci\u00f3n, este martes 30 de octubre tuvo lugar en nuestra parroquia la ofrenda floral a nuestra Virgen con una muy buena asistencia personas y entidades. Fue un acto muy emotivo al final de cual se cantaron los \u00abGoigs\u00bb a la Virgen. Despu\u00e9s &hellip; <\/p>\n<p><a class=\"more-link btn\" href=\"https:\/\/smaria.salou.arqtgn.cat\/es\/ofrenda-foral-a-santa-maria-del-mar\/\">Seguir leyendo<\/a><\/p>\n","protected":false},"author":11,"featured_media":0,"comment_status":"closed","ping_status":"closed","sticky":false,"template":"","format":"standard","meta":{"footnotes":""},"categories":[],"tags":[],"class_list":["post-10290","post","type-post","status-publish","format-standard","hentry","item-wrap"],"amp_enabled":true,"_links":{"self":[{"href":"https:\/\/smaria.salou.arqtgn.cat\/es\/wp-json\/wp\/v2\/posts\/10290","targetHints":{"allow":["GET"]}}],"collection":[{"href":"https:\/\/smaria.salou.arqtgn.cat\/es\/wp-json\/wp\/v2\/posts"}],"about":[{"href":"https:\/\/smaria.salou.arqtgn.cat\/es\/wp-json\/wp\/v2\/types\/post"}],"author":[{"embeddable":true,"href":"https:\/\/smaria.salou.arqtgn.cat\/es\/wp-json\/wp\/v2\/users\/11"}],"replies":[{"embeddable":true,"href":"https:\/\/smaria.salou.arqtgn.cat\/es\/wp-json\/wp\/v2\/comments?post=10290"}],"version-history":[{"count":0,"href":"https:\/\/smaria.salou.arqtgn.cat\/es\/wp-json\/wp\/v2\/posts\/10290\/revisions"}],"wp:attachment":[{"href":"https:\/\/smaria.salou.arqtgn.cat\/es\/wp-json\/wp\/v2\/media?parent=10290"}],"wp:term":[{"taxonomy":"category","embeddable":true,"href":"https:\/\/smaria.salou.arqtgn.cat\/es\/wp-json\/wp\/v2\/categories?post=10290"},{"taxonomy":"post_tag","embeddable":true,"href":"https:\/\/smaria.salou.arqtgn.cat\/es\/wp-json\/wp\/v2\/tags?post=10290"}],"curies":[{"name":"wp","href":"https:\/\/api.w.org\/{rel}","templated":true}]}}