{"id":10275,"date":"2018-10-14T07:24:02","date_gmt":"2018-10-14T05:24:02","guid":{"rendered":"http:\/\/smaria.salou.arqtgn.cat\/jesus-te-ayuda-a-ver-lo-que-es-prescindible-solo-una-cosa-es-suficiente\/"},"modified":"2018-10-14T07:24:02","modified_gmt":"2018-10-14T05:24:02","slug":"jesus-te-ayuda-a-ver-lo-que-es-prescindible-solo-una-cosa-es-suficiente","status":"publish","type":"post","link":"https:\/\/smaria.salou.arqtgn.cat\/es\/jesus-te-ayuda-a-ver-lo-que-es-prescindible-solo-una-cosa-es-suficiente\/","title":{"rendered":"Jes\u00fas te ayuda a ver lo que es prescindible, s\u00f3lo una cosa \u00e9s suficiente&#8230;"},"content":{"rendered":"","protected":false},"excerpt":{"rendered":"","protected":false},"author":11,"featured_media":0,"comment_status":"closed","ping_status":"closed","sticky":false,"template":"","format":"standard","meta":{"footnotes":""},"categories":[50,54,49],"tags":[],"class_list":["post-10275","post","type-post","status-publish","format-standard","hentry","category-catequesis","category-el-evangelio-en-imagenes","category-preparando-el-domingo","item-wrap"],"amp_enabled":true,"_links":{"self":[{"href":"https:\/\/smaria.salou.arqtgn.cat\/es\/wp-json\/wp\/v2\/posts\/10275","targetHints":{"allow":["GET"]}}],"collection":[{"href":"https:\/\/smaria.salou.arqtgn.cat\/es\/wp-json\/wp\/v2\/posts"}],"about":[{"href":"https:\/\/smaria.salou.arqtgn.cat\/es\/wp-json\/wp\/v2\/types\/post"}],"author":[{"embeddable":true,"href":"https:\/\/smaria.salou.arqtgn.cat\/es\/wp-json\/wp\/v2\/users\/11"}],"replies":[{"embeddable":true,"href":"https:\/\/smaria.salou.arqtgn.cat\/es\/wp-json\/wp\/v2\/comments?post=10275"}],"version-history":[{"count":0,"href":"https:\/\/smaria.salou.arqtgn.cat\/es\/wp-json\/wp\/v2\/posts\/10275\/revisions"}],"wp:attachment":[{"href":"https:\/\/smaria.salou.arqtgn.cat\/es\/wp-json\/wp\/v2\/media?parent=10275"}],"wp:term":[{"taxonomy":"category","embeddable":true,"href":"https:\/\/smaria.salou.arqtgn.cat\/es\/wp-json\/wp\/v2\/categories?post=10275"},{"taxonomy":"post_tag","embeddable":true,"href":"https:\/\/smaria.salou.arqtgn.cat\/es\/wp-json\/wp\/v2\/tags?post=10275"}],"curies":[{"name":"wp","href":"https:\/\/api.w.org\/{rel}","templated":true}]}}