{"id":10271,"date":"2018-10-13T07:27:38","date_gmt":"2018-10-13T05:27:38","guid":{"rendered":"http:\/\/smaria.salou.arqtgn.cat\/domingo-xxviii-tiempo-ordinario-b-2018\/"},"modified":"2018-10-13T07:27:38","modified_gmt":"2018-10-13T05:27:38","slug":"domingo-xxviii-tiempo-ordinario-b-2018","status":"publish","type":"post","link":"https:\/\/smaria.salou.arqtgn.cat\/es\/domingo-xxviii-tiempo-ordinario-b-2018\/","title":{"rendered":"Domingo XXVIII tiempo ordinario \/ B \/ 2018"},"content":{"rendered":"<p>&nbsp;<\/p>\n<table style=\"height: 211px;width: 739px\">\n<tbody>\n<tr style=\"height: 256px\">\n<td style=\"height: 256px;width: 482px\">&nbsp;<\/p>\n<div id=\"attachment_7624\" style=\"width: 303px\" class=\"wp-caption aligncenter\"><a href=\"http:\/\/www.lecturesmissa.arquebisbattarragona.cat\/ca\/\" target=\"_blank\" rel=\"noopener noreferrer\"><img loading=\"lazy\" decoding=\"async\" aria-describedby=\"caption-attachment-7624\" class=\"wp-image-7624\" src=\"http:\/\/salou2.wp.arqtgn.cat\/wp-content\/uploads\/sites\/10\/2018\/07\/biblia.jpg\" alt=\"\" width=\"303\" height=\"177\" srcset=\"https:\/\/smaria.salou.arqtgn.cat\/wp-content\/uploads\/sites\/10\/2018\/07\/biblia.jpg 640w, https:\/\/smaria.salou.arqtgn.cat\/wp-content\/uploads\/sites\/10\/2018\/07\/biblia-300x176.jpg 300w\" sizes=\"auto, (max-width: 303px) 100vw, 303px\" \/><\/a><p id=\"caption-attachment-7624\" class=\"wp-caption-text\">Palabra de Dios<\/p><\/div>\n<p>&nbsp;<\/td>\n<td style=\"height: 256px;width: 232px\">\n<p><div id=\"attachment_5183\" style=\"width: 205px\" class=\"wp-caption aligncenter\"><a href=\"http:\/\/www.esglesiadetarragona.cat\/wp-content\/uploads\/2018\/10\/hd3579Castellano.pdf\" target=\"_blank\" rel=\"noopener noreferrer\"><img loading=\"lazy\" decoding=\"async\" aria-describedby=\"caption-attachment-5183\" class=\"wp-image-5183\" src=\"https:\/\/www.esglesiadetarragona.cat\/wp-content\/uploads\/2018\/10\/hd3579Castellano-2.jpg?sequence=3&amp;isAllowed=y?\" alt=\"\" width=\"205\" height=\"280\" \/><\/a><p id=\"caption-attachment-5183\" class=\"wp-caption-text\">Leer la Hoja Dominical<\/p><\/div><\/td>\n<\/tr>\n<\/tbody>\n<\/table>\n<p>[youtube https:\/\/www.youtube.com\/watch?v=wJzCpIdzh8g]<\/p>\n<p>&nbsp;<\/p>\n<p>[youtube https:\/\/www.youtube.com\/watch?v=8V89qSsDg2s]<\/p>\n<p>&nbsp;<\/p>\n<h3><a href=\"http:\/\/salou2.wp.arqtgn.cat\/wp-content\/uploads\/sites\/10\/2018\/10\/cartell_Montserrat_2018.jpg\"><img loading=\"lazy\" decoding=\"async\" class=\"aligncenter size-full wp-image-7914\" src=\"http:\/\/salou2.wp.arqtgn.cat\/wp-content\/uploads\/sites\/10\/2018\/10\/cartell_Montserrat_2018.jpg\" alt=\"\" width=\"800\" height=\"1131\" srcset=\"https:\/\/smaria.salou.arqtgn.cat\/wp-content\/uploads\/sites\/10\/2018\/10\/cartell_Montserrat_2018.jpg 800w, https:\/\/smaria.salou.arqtgn.cat\/wp-content\/uploads\/sites\/10\/2018\/10\/cartell_Montserrat_2018-212x300.jpg 212w, https:\/\/smaria.salou.arqtgn.cat\/wp-content\/uploads\/sites\/10\/2018\/10\/cartell_Montserrat_2018-768x1086.jpg 768w, https:\/\/smaria.salou.arqtgn.cat\/wp-content\/uploads\/sites\/10\/2018\/10\/cartell_Montserrat_2018-724x1024.jpg 724w\" sizes=\"auto, (max-width: 800px) 100vw, 800px\" \/><\/a><\/h3>\n<p>&nbsp;<\/p>\n<h3><strong><span style=\"color: #ff6600\">Lectura espiritual<\/span><\/strong><\/h3>\n<p style=\"text-align: justify\"><strong>Hay que insistir sobre la adoraci\u00f3n como movimiento espontaneo y constitutivo del hombre<\/strong>. Es la \u00fanica manera de entender que el hombre est\u00e1 llamado a la oraci\u00f3n continua: <strong>su verdadera naturaleza es la oraci\u00f3n<\/strong>. El hombre est\u00e1 hecho para el Rostro y la comuni\u00f3n. As\u00ed, la inclinaci\u00f3n del coraz\u00f3n del hombre es de ofrecerse, de amar y de dar culto a Dios; en una palabra, de adorar. Se entretiene, se complace, se ba\u00f1a.<\/p>\n<p style=\"text-align: justify\">Desde la vocaci\u00f3n de Abraham y, hasta podr\u00edamos decir, desde la creaci\u00f3n de nuestros primeros padres, <strong>Dios ha buscado adoradores en esp\u00edritu y en verdad <\/strong>(Jn 4:23), pero <strong>ha encontrado corazones de piedra<\/strong> y de aqu\u00ed viene todo el drama de Israel. No obstante, a lo largo de toda esta historia, <strong>el Esp\u00edritu Santo ha suscitado verdaderos adoradores entre el pueblo, sobre todo entre los peque\u00f1os y los pobres.<\/strong><\/p>\n<p style=\"text-align: justify\">Pero de la adoraci\u00f3n podr\u00edamos decir aquello que hemos dicho de la conversi\u00f3n: <strong>para adorar hay que haber entrevisto<\/strong>, ni que sea fugazmente o como a trav\u00e9s de un espejo, <strong>el rostro infinitamente bello y santo de Cristo<\/strong> (sobre todo su rostro \u201ctrinitario\u201d): \u00a1este rostro que no se parece a nada! Hay que haber sido <strong>seducido, atra\u00eddo y cautivado por este rostro <\/strong>y, todav\u00eda, <strong>haberse dejado atrapar por \u00e9l<\/strong>.<\/p>\n<p style=\"text-align: justify\">Hemos estado <strong>creados para la adoraci\u00f3n<\/strong>, pero, hemos de cantar esta evidencia con <strong>alegr\u00eda<\/strong>: y para esto hace falta algo m\u00e1s que la evidencia, <strong>hace falta el amor.<\/strong><\/p>\n<p style=\"text-align: justify\">Digamos que el hombre salido de las manos de Dios y creado a semejanza suya est\u00e1 habitado de este amor que le lleva a alabar a Dios, a ofrec\u00e9rsele y a perderse en \u00e9l. Mirad la Virgen Mar\u00eda, des de que percibe la ternura de Dios hacia ella eleva en su coraz\u00f3n un canto de adoraci\u00f3n: <strong>\u201cEl Todopoderoso obra en mi maravillas. Su nombre es santo\u201d. <\/strong><\/p>\n<p style=\"text-align: justify\">Este movimiento de amor no est\u00e1 reservado a las criaturas inteligentes: <strong>el dinamismo entero del universo es conducido por el amor de Dios<\/strong> y, siguiendo a Daniel (3:57-88) que canta el himno del universo, Francisco de As\u00eds compuso las alabanzas de las criaturas, en su lecho de muerte. <strong>No somos m\u00e1s que una \u201cpuntita\u201d de la gloria de Dios<\/strong> y el hombre que no se gira hacia Dios hace sufrir a la naturaleza con una violencia insospechada: le impide cumplir su funci\u00f3n profunda que es la adoraci\u00f3n y la alabanza de Dios.<\/p>\n<p style=\"text-align: justify\">M\u00e1s all\u00e1 y m\u00e1s profundo que nuestro instinto ego\u00edsta, hay en nosotros un <strong>\u00e9xtasis ciego que nos empuja hacia el otro para fundirnos en \u00e9l. <\/strong><\/p>\n<p style=\"text-align: justify\">Somos enviados a la existencia en un estado de explosi\u00f3n oblativa: desgraciadamente la uni\u00f3n con el otro solo puede realizarse en la diferencia y por eso nos deja en un <strong>sentimiento de insatisfacci\u00f3n y de soledad como un pregusto de la muerte<\/strong>. Encontramos este deseo del \u00e9xtasis en todos los drogados que quieren hacer el viaje para experimentar el para\u00edso de la fusi\u00f3n. Pero hasta dej\u00e1ndose enga\u00f1ar por todos los espejismos, <strong>los j\u00f3venes reclaman esto. La \u00fanica realidad que podemos ofrecerles es el amor de Dios.<\/strong><\/p>\n<p style=\"text-align: justify\">Hasta en el infierno, Satan\u00e1s tiene esta sed que est\u00e1 incluida en su naturaleza. Y es por esto que <strong>este \u00e9xtasis alimenta tanto el pecado como la virtud y la santidad<\/strong>. Solo que <strong>en el pecado<\/strong> se le hace resistencia <strong>en lugar de lanzarse hacia Dios<\/strong>, y uno <strong>se repliega sobre si mismo<\/strong>. San Bernardo hablar\u00e1 de la <strong>naturaleza encorvada<\/strong> al comentar el pasaje del evangelio sobre la curaci\u00f3n de la mujer encorvada. Mientras que por el amor uno se deja llevar por la oblaci\u00f3n espontanea y se va hasta lo m\u00e1s alto de esta apertura, en el gozo.<\/p>\n<p style=\"text-align: right\"><em>Jean Lafrange: La oraci\u00f3n del coraz\u00f3n<\/em><\/p>\n<p>&nbsp;<\/p>\n","protected":false},"excerpt":{"rendered":"<p>&nbsp; &nbsp; &nbsp; [youtube https:\/\/www.youtube.com\/watch?v=wJzCpIdzh8g] &nbsp; [youtube https:\/\/www.youtube.com\/watch?v=8V89qSsDg2s] &nbsp; &nbsp; Lectura espiritual Hay que insistir sobre la adoraci\u00f3n como movimiento espontaneo y constitutivo del hombre. Es la \u00fanica manera de entender que el hombre est\u00e1 llamado a la oraci\u00f3n continua: su verdadera naturaleza es la oraci\u00f3n. El hombre est\u00e1 hecho para el Rostro y la &hellip; <\/p>\n<p><a class=\"more-link btn\" href=\"https:\/\/smaria.salou.arqtgn.cat\/es\/domingo-xxviii-tiempo-ordinario-b-2018\/\">Seguir leyendo<\/a><\/p>\n","protected":false},"author":11,"featured_media":0,"comment_status":"closed","ping_status":"closed","sticky":false,"template":"","format":"standard","meta":{"footnotes":""},"categories":[52,49],"tags":[],"class_list":["post-10271","post","type-post","status-publish","format-standard","hentry","category-para-reflexionar","category-preparando-el-domingo","item-wrap"],"amp_enabled":true,"_links":{"self":[{"href":"https:\/\/smaria.salou.arqtgn.cat\/es\/wp-json\/wp\/v2\/posts\/10271","targetHints":{"allow":["GET"]}}],"collection":[{"href":"https:\/\/smaria.salou.arqtgn.cat\/es\/wp-json\/wp\/v2\/posts"}],"about":[{"href":"https:\/\/smaria.salou.arqtgn.cat\/es\/wp-json\/wp\/v2\/types\/post"}],"author":[{"embeddable":true,"href":"https:\/\/smaria.salou.arqtgn.cat\/es\/wp-json\/wp\/v2\/users\/11"}],"replies":[{"embeddable":true,"href":"https:\/\/smaria.salou.arqtgn.cat\/es\/wp-json\/wp\/v2\/comments?post=10271"}],"version-history":[{"count":0,"href":"https:\/\/smaria.salou.arqtgn.cat\/es\/wp-json\/wp\/v2\/posts\/10271\/revisions"}],"wp:attachment":[{"href":"https:\/\/smaria.salou.arqtgn.cat\/es\/wp-json\/wp\/v2\/media?parent=10271"}],"wp:term":[{"taxonomy":"category","embeddable":true,"href":"https:\/\/smaria.salou.arqtgn.cat\/es\/wp-json\/wp\/v2\/categories?post=10271"},{"taxonomy":"post_tag","embeddable":true,"href":"https:\/\/smaria.salou.arqtgn.cat\/es\/wp-json\/wp\/v2\/tags?post=10271"}],"curies":[{"name":"wp","href":"https:\/\/api.w.org\/{rel}","templated":true}]}}