{"id":10269,"date":"2018-10-11T07:25:38","date_gmt":"2018-10-11T05:25:38","guid":{"rendered":"http:\/\/smaria.salou.arqtgn.cat\/el-video-del-papa-octubre-2018-campana-especial-de-oracion-por-la-iglesia\/"},"modified":"2018-10-11T07:25:38","modified_gmt":"2018-10-11T05:25:38","slug":"el-video-del-papa-octubre-2018-campana-especial-de-oracion-por-la-iglesia","status":"publish","type":"post","link":"https:\/\/smaria.salou.arqtgn.cat\/es\/el-video-del-papa-octubre-2018-campana-especial-de-oracion-por-la-iglesia\/","title":{"rendered":"El v\u00eddeo del Papa, octubre 2018.. Campa\u00f1a especial de oraci\u00f3n por la Iglesia."},"content":{"rendered":"<p>[youtube https:\/\/www.youtube.com\/watch?v=nMfeZyPkTTw]<\/p>\n<p>&nbsp;<\/p>\n<p style=\"text-align: justify\">El diablo es un seductor. Por eso, sin darnos cuenta, lo dejamos entrar en nuestras vidas. Y tambi\u00e9n en la vida de la Iglesia. Para luchar contra la fuerza del mal y proteger a la Iglesia el Papa nos pide este mes de octubre que recemos el Rosario a la Virgen Mar\u00eda y la oraci\u00f3n al Arc\u00e1ngel San Miguel. \u00bfNos unimos todos a esta petici\u00f3n?<\/p>\n<p style=\"text-align: justify\">\u00abEl diablo se presenta poderosamente. Te trae regalos. Pero t\u00fa no sabes qu\u00e9 hay dentro. Renuevo la invitaci\u00f3n a todos a rezar el Rosario todos los d\u00edas en octubre, concluyendo con la ant\u00edfona <em>Bajo tu protecci\u00f3n y la oraci\u00f3n a San Miguel Arc\u00e1ngel, para repeler los ataques del diablo que quiere dividir a la Iglesia.<\/em>\u00ab<\/p>\n<p style=\"text-align: justify\">Oraci\u00f3n al Arc\u00e1ngel San Miguel San Miguel Arc\u00e1ngel, defi\u00e9ndenos en la lucha. S\u00e9 nuestro amparo contra la perversidad y acechanzas del demonio. Que Dios manifieste sobre \u00e9l su poder, es nuestra humilde s\u00faplica. Y t\u00fa, oh Pr\u00edncipe de la Milicia Celestial, con el poder que Dios te ha conferido, arroja al infierno a Satan\u00e1s, y a los dem\u00e1s esp\u00edritus malignos que vagan por el mundo para la perdici\u00f3n de las almas. Am\u00e9n<\/p>\n<p style=\"text-align: justify\">Oraci\u00f3n \u201cBajo tu amparo Santa Madre de Dios\u201d Bajo tu amparo nos acogemos, santa Madre de Dios; no deseches las s\u00faplicas que te dirigimos en nuestras necesidades, antes bien, l\u00edbranos de todo peligro, \u00a1oh siempre Virgen, gloriosa y bendita!<\/p>\n<p style=\"text-align: justify\"><strong>Santo Rosario<\/strong><\/p>\n<p style=\"text-align: justify\">Misterios Gozosos (lunes y s\u00e1bado)<br \/>\n1. La encarnaci\u00f3n del Hijo de Dios.<br \/>\n2. La visitaci\u00f3n de Nuestra Se\u00f1ora a Santa Isabel.<br \/>\n3. El nacimiento del Hijo de Dios.<br \/>\n4. La Presentaci\u00f3n del Se\u00f1or Jes\u00fas en el templo.<br \/>\n5. La P\u00e9rdida del Ni\u00f1o Jes\u00fas y su hallazgo en el templo.<\/p>\n<p style=\"text-align: justify\">Misterios Dolorosos (martes y viernes)<br \/>\n1. La Oraci\u00f3n de Nuestro Se\u00f1or en el Huerto de Getseman\u00ed.<br \/>\n2. La Flagelaci\u00f3n del Se\u00f1or.<br \/>\n3. La Coronaci\u00f3n de espinas.<br \/>\n4. El Camino del Monte Calvario cargando la Cruz.<br \/>\n5. La Crucifixi\u00f3n y Muerte de Nuestro Se\u00f1or.<\/p>\n<p style=\"text-align: justify\">Misterios Gloriosos (mi\u00e9rcoles y domingo)<br \/>\n1. La Resurrecci\u00f3n del Se\u00f1or.<br \/>\n2. La Ascensi\u00f3n del Se\u00f1or.<br \/>\n3. La Venida del Esp\u00edritu Santo.<br \/>\n4. La Asunci\u00f3n de Nuestra Se\u00f1ora a los Cielos.<br \/>\n5. La Coronaci\u00f3n de la Sant\u00edsima Virgen.<\/p>\n<p style=\"text-align: justify\">Misterios Luminosos (jueves)<br \/>\n1. El Bautismo en el Jord\u00e1n.<br \/>\n2. La autorrevelaci\u00f3n en las bodas de Can\u00e1.<br \/>\n3. El anuncio del Reino de Dios invitando a la conversi\u00f3n.<br \/>\n4. La Transfiguraci\u00f3n.<br \/>\n5. La Instituci\u00f3n de la Eucarist\u00eda, expresi\u00f3n sacramental del misterio pascual.<\/p>\n<p>Si quieres ver m\u00e1s videos sobre las intenciones del Papa los encontrar\u00e1s en <a class=\"yt-simple-endpoint style-scope yt-formatted-string\" href=\"https:\/\/www.youtube.com\/redirect?q=http%3A%2F%2Fwww.elvideodelpapa.org&amp;event=video_description&amp;redir_token=MsyjxErkdQO66FYAjhBC6I2ZmDp8MTUzMDc0NTE5NEAxNTMwNjU4Nzk0&amp;v=1t_HQJhaM6A\">http:\/\/www.elvideodelpapa.org<\/a><\/p>\n<p>&nbsp;<\/p>\n","protected":false},"excerpt":{"rendered":"<p>[youtube https:\/\/www.youtube.com\/watch?v=nMfeZyPkTTw] &nbsp; El diablo es un seductor. Por eso, sin darnos cuenta, lo dejamos entrar en nuestras vidas. Y tambi\u00e9n en la vida de la Iglesia. Para luchar contra la fuerza del mal y proteger a la Iglesia el Papa nos pide este mes de octubre que recemos el Rosario a la Virgen Mar\u00eda &hellip; <\/p>\n<p><a class=\"more-link btn\" href=\"https:\/\/smaria.salou.arqtgn.cat\/es\/el-video-del-papa-octubre-2018-campana-especial-de-oracion-por-la-iglesia\/\">Seguir leyendo<\/a><\/p>\n","protected":false},"author":11,"featured_media":0,"comment_status":"closed","ping_status":"closed","sticky":false,"template":"","format":"standard","meta":{"footnotes":""},"categories":[52],"tags":[],"class_list":["post-10269","post","type-post","status-publish","format-standard","hentry","category-para-reflexionar","item-wrap"],"amp_enabled":true,"_links":{"self":[{"href":"https:\/\/smaria.salou.arqtgn.cat\/es\/wp-json\/wp\/v2\/posts\/10269","targetHints":{"allow":["GET"]}}],"collection":[{"href":"https:\/\/smaria.salou.arqtgn.cat\/es\/wp-json\/wp\/v2\/posts"}],"about":[{"href":"https:\/\/smaria.salou.arqtgn.cat\/es\/wp-json\/wp\/v2\/types\/post"}],"author":[{"embeddable":true,"href":"https:\/\/smaria.salou.arqtgn.cat\/es\/wp-json\/wp\/v2\/users\/11"}],"replies":[{"embeddable":true,"href":"https:\/\/smaria.salou.arqtgn.cat\/es\/wp-json\/wp\/v2\/comments?post=10269"}],"version-history":[{"count":0,"href":"https:\/\/smaria.salou.arqtgn.cat\/es\/wp-json\/wp\/v2\/posts\/10269\/revisions"}],"wp:attachment":[{"href":"https:\/\/smaria.salou.arqtgn.cat\/es\/wp-json\/wp\/v2\/media?parent=10269"}],"wp:term":[{"taxonomy":"category","embeddable":true,"href":"https:\/\/smaria.salou.arqtgn.cat\/es\/wp-json\/wp\/v2\/categories?post=10269"},{"taxonomy":"post_tag","embeddable":true,"href":"https:\/\/smaria.salou.arqtgn.cat\/es\/wp-json\/wp\/v2\/tags?post=10269"}],"curies":[{"name":"wp","href":"https:\/\/api.w.org\/{rel}","templated":true}]}}