{"id":10263,"date":"2018-10-05T16:54:47","date_gmt":"2018-10-05T14:54:47","guid":{"rendered":"http:\/\/smaria.salou.arqtgn.cat\/domingo-xxvii-tiempo-ordinario-b-2018\/"},"modified":"2018-10-05T16:54:47","modified_gmt":"2018-10-05T14:54:47","slug":"domingo-xxvii-tiempo-ordinario-b-2018","status":"publish","type":"post","link":"https:\/\/smaria.salou.arqtgn.cat\/es\/domingo-xxvii-tiempo-ordinario-b-2018\/","title":{"rendered":"Domingo XXVII tiempo ordinario \/ B \/ 2018"},"content":{"rendered":"<p>&nbsp;<\/p>\n<table style=\"height: 211px;width: 739px\">\n<tbody>\n<tr style=\"height: 256px\">\n<td style=\"height: 256px;width: 482px\">&nbsp;<\/p>\n<div id=\"attachment_7624\" style=\"width: 303px\" class=\"wp-caption aligncenter\"><a href=\"http:\/\/www.lecturesmissa.arquebisbattarragona.cat\/ca\/\" target=\"_blank\" rel=\"noopener noreferrer\"><img loading=\"lazy\" decoding=\"async\" aria-describedby=\"caption-attachment-7624\" class=\"wp-image-7624\" src=\"http:\/\/salou2.wp.arqtgn.cat\/wp-content\/uploads\/sites\/10\/2018\/07\/biblia.jpg\" alt=\"\" width=\"303\" height=\"177\" srcset=\"https:\/\/smaria.salou.arqtgn.cat\/wp-content\/uploads\/sites\/10\/2018\/07\/biblia.jpg 640w, https:\/\/smaria.salou.arqtgn.cat\/wp-content\/uploads\/sites\/10\/2018\/07\/biblia-300x176.jpg 300w\" sizes=\"auto, (max-width: 303px) 100vw, 303px\" \/><\/a><p id=\"caption-attachment-7624\" class=\"wp-caption-text\">Palabra de Dios<\/p><\/div>\n<p>&nbsp;<\/td>\n<td style=\"height: 256px;width: 232px\">\n<p><div id=\"attachment_5183\" style=\"width: 205px\" class=\"wp-caption aligncenter\"><a href=\"http:\/\/www.esglesiadetarragona.cat\/wp-content\/uploads\/2018\/10\/hd3578Castellano.pdf\" target=\"_blank\" rel=\"noopener noreferrer\"><img loading=\"lazy\" decoding=\"async\" aria-describedby=\"caption-attachment-5183\" class=\"wp-image-5183\" src=\"https:\/\/www.esglesiadetarragona.cat\/wp-content\/uploads\/2018\/10\/hd3578Castellano-2.jpg?sequence=3&amp;isAllowed=y?\" alt=\"\" width=\"205\" height=\"280\" \/><\/a><p id=\"caption-attachment-5183\" class=\"wp-caption-text\">Leer la Hoja Dominical<\/p><\/div><\/td>\n<\/tr>\n<\/tbody>\n<\/table>\n<p>[youtube https:\/\/www.youtube.com\/watch?v=8zjSglVuBsM]<\/p>\n<p>&nbsp;<\/p>\n<p>[youtube https:\/\/www.youtube.com\/watch?v=tr2259o9jO8]<\/p>\n<p>&nbsp;<\/p>\n<h3><a href=\"http:\/\/salou2.wp.arqtgn.cat\/wp-content\/uploads\/sites\/10\/2018\/10\/cartell_Montserrat_2018.jpg\"><img loading=\"lazy\" decoding=\"async\" class=\"aligncenter size-full wp-image-7914\" src=\"http:\/\/salou2.wp.arqtgn.cat\/wp-content\/uploads\/sites\/10\/2018\/10\/cartell_Montserrat_2018.jpg\" alt=\"\" width=\"800\" height=\"1131\" srcset=\"https:\/\/smaria.salou.arqtgn.cat\/wp-content\/uploads\/sites\/10\/2018\/10\/cartell_Montserrat_2018.jpg 800w, https:\/\/smaria.salou.arqtgn.cat\/wp-content\/uploads\/sites\/10\/2018\/10\/cartell_Montserrat_2018-212x300.jpg 212w, https:\/\/smaria.salou.arqtgn.cat\/wp-content\/uploads\/sites\/10\/2018\/10\/cartell_Montserrat_2018-768x1086.jpg 768w, https:\/\/smaria.salou.arqtgn.cat\/wp-content\/uploads\/sites\/10\/2018\/10\/cartell_Montserrat_2018-724x1024.jpg 724w\" sizes=\"auto, (max-width: 800px) 100vw, 800px\" \/><\/a><\/h3>\n<p>&nbsp;<\/p>\n<h3><strong><span style=\"color: #ff6600\">Lectura espiritual<\/span><\/strong><\/h3>\n<p style=\"text-align: justify\"><strong>Nuestros primeros padres ten\u00edan la vocaci\u00f3n de ser sacerdotes del mundo<\/strong>, es decir, de <strong>rezar f\u00e1cilmente<\/strong> porque disfrutaban de la familiaridad de Jahv\u00e9 que hablaba con ellos en la brisa de la tarde.<\/p>\n<p style=\"text-align: justify\"><strong>El hecho de que nosotros no lleguemos a hacerlo f\u00e1cilmente no es normal<\/strong>. Una persona que hizo una semana de oraci\u00f3n i que pas\u00f3 ocho d\u00edas en Lourdes, dec\u00eda: \u201c\u00a1He rezado sin parar!\u201d<\/p>\n<p style=\"text-align: justify\">Si es posible durante una semana, \u00bfpor qu\u00e9 no ha de ser siempre? Habr\u00edamos de tener la posibilidad de <strong>ofrecer a Dios nuestra sustancia<\/strong>, es decir, de <strong>hacer que nuestras vidas fuesen una oraci\u00f3n continua<\/strong>.<\/p>\n<p style=\"text-align: justify\">Por el <strong>pecado<\/strong>, el hombre ha querido <strong>dominar el mundo<\/strong> para ser el amo y <strong>subyugarlo<\/strong>. Por tanto, es necesario que otros hombres sean los sacerdotes del mundo: si no, se llegar\u00e1 a la desintegraci\u00f3n del hombre y del cosmos.<\/p>\n<p style=\"text-align: justify\">La bomba at\u00f3mica viene a ser como la inscripci\u00f3n en la materia del estado de decadencia espiritual del hombre: <strong>\u201cEl Esp\u00edritu ense\u00f1a al monje a amar a Dios y a amar al mundo.<\/strong> Quiz\u00e1s dir\u00e1s que ya no existen en nuestros d\u00edas monjes que recen por todos los hombres; pues yo te aseguro que sobrevendr\u00e1n grandes males y hasta la destrucci\u00f3n del universo si ya no hay personas que recen por el mundo\u201d.<\/p>\n<p style=\"text-align: justify\">\u00bfNo es esta, quiz\u00e1s, la vocaci\u00f3n del <strong>monaquismo<\/strong> interiorizado vivido <strong>en el desierto de las grandes ciudades<\/strong> urbanas por hombres y mujeres en medio del mundo? Su misi\u00f3n es introducir el universo c\u00f3smico en el <strong>gran movimiento de adoraci\u00f3n<\/strong> que no cesa de brotar en su coraz\u00f3n.<\/p>\n<p style=\"text-align: justify\">Las <strong>pasiones <\/strong>son como el <strong>inverso<\/strong> de este dinamismo de <strong>adoraci\u00f3n<\/strong>. El hombre lleva en si este dinamismo i, <strong>si no lo orienta<\/strong> hacia Dios, <strong>se adorar\u00e1 a s\u00ed mismo<\/strong>, se volver\u00e1 <strong>id\u00f3latra<\/strong> del hombre colectivo o individual, o del arte, la pol\u00edtica, la raza, da lo mismo. Si no reza a Dios, se rezar\u00e1 a s\u00ed mismo.<\/p>\n<p style=\"text-align: justify\">Hay mil \u00eddolos posibles. <strong>La pasi\u00f3n<\/strong> es una pulsi\u00f3n de la naturaleza del hombre, <strong>es finalmente el deseo de adorar a Dios, pero desviado<\/strong>, hacia un objeto contenido y parcial que no le puede revelar el absoluto.<\/p>\n<p style=\"text-align: justify\"><strong>Es casi una definici\u00f3n de Satan\u00e1s: una adoraci\u00f3n desviada que se pierde en la nada.<\/strong> El hombre tiene sed de Dios y como esta sed nunca es saciada puede verse enga\u00f1ado por el \u00e1ngel de las tinieblas disfrazado de luz que bloquea este dinamismo de adoraci\u00f3n en el vac\u00edo: \u201cQuiz\u00e1s el infierno no es m\u00e1s que esta confrontaci\u00f3n de la sed y el vac\u00edo. El hombre se bebe su propio vac\u00edo y cada vez se quema m\u00e1s\u201d.<\/p>\n<p style=\"text-align: justify\">As\u00ed, el hombre puede dar una existencia paradoxal a la nada y la red de \u00eddolos, de magias, de pasiones se convierte en lo que el Nuevo Testamento llama no \u201cel\u201d mundo creado por Dios sino \u201ceste\u201d mundo que vela Dios y la creaci\u00f3n de Dios, que entierra el universo en la opacidad y la muerte.<\/p>\n<p style=\"text-align: justify\">El mayo del 68, en los muros de la Sorbona hab\u00eda esta inscripci\u00f3n: <strong>\u201cMientras el dedo se\u00f1ala la luz, el imb\u00e9cil mira el dedo\u201d.<\/strong><\/p>\n<p>.<\/p>\n<p style=\"text-align: right\"><em>Jean Lafrange: La oraci\u00f3n del coraz\u00f3n<\/em><\/p>\n<p>&nbsp;<\/p>\n","protected":false},"excerpt":{"rendered":"<p>&nbsp; &nbsp; &nbsp; [youtube https:\/\/www.youtube.com\/watch?v=8zjSglVuBsM] &nbsp; [youtube https:\/\/www.youtube.com\/watch?v=tr2259o9jO8] &nbsp; &nbsp; Lectura espiritual Nuestros primeros padres ten\u00edan la vocaci\u00f3n de ser sacerdotes del mundo, es decir, de rezar f\u00e1cilmente porque disfrutaban de la familiaridad de Jahv\u00e9 que hablaba con ellos en la brisa de la tarde. El hecho de que nosotros no lleguemos a hacerlo f\u00e1cilmente &hellip; <\/p>\n<p><a class=\"more-link btn\" href=\"https:\/\/smaria.salou.arqtgn.cat\/es\/domingo-xxvii-tiempo-ordinario-b-2018\/\">Seguir leyendo<\/a><\/p>\n","protected":false},"author":11,"featured_media":0,"comment_status":"closed","ping_status":"closed","sticky":false,"template":"","format":"standard","meta":{"footnotes":""},"categories":[52,49],"tags":[],"class_list":["post-10263","post","type-post","status-publish","format-standard","hentry","category-para-reflexionar","category-preparando-el-domingo","item-wrap"],"amp_enabled":true,"_links":{"self":[{"href":"https:\/\/smaria.salou.arqtgn.cat\/es\/wp-json\/wp\/v2\/posts\/10263","targetHints":{"allow":["GET"]}}],"collection":[{"href":"https:\/\/smaria.salou.arqtgn.cat\/es\/wp-json\/wp\/v2\/posts"}],"about":[{"href":"https:\/\/smaria.salou.arqtgn.cat\/es\/wp-json\/wp\/v2\/types\/post"}],"author":[{"embeddable":true,"href":"https:\/\/smaria.salou.arqtgn.cat\/es\/wp-json\/wp\/v2\/users\/11"}],"replies":[{"embeddable":true,"href":"https:\/\/smaria.salou.arqtgn.cat\/es\/wp-json\/wp\/v2\/comments?post=10263"}],"version-history":[{"count":0,"href":"https:\/\/smaria.salou.arqtgn.cat\/es\/wp-json\/wp\/v2\/posts\/10263\/revisions"}],"wp:attachment":[{"href":"https:\/\/smaria.salou.arqtgn.cat\/es\/wp-json\/wp\/v2\/media?parent=10263"}],"wp:term":[{"taxonomy":"category","embeddable":true,"href":"https:\/\/smaria.salou.arqtgn.cat\/es\/wp-json\/wp\/v2\/categories?post=10263"},{"taxonomy":"post_tag","embeddable":true,"href":"https:\/\/smaria.salou.arqtgn.cat\/es\/wp-json\/wp\/v2\/tags?post=10263"}],"curies":[{"name":"wp","href":"https:\/\/api.w.org\/{rel}","templated":true}]}}