{"id":10258,"date":"2018-10-02T01:16:26","date_gmt":"2018-10-01T23:16:26","guid":{"rendered":"http:\/\/smaria.salou.arqtgn.cat\/inicio-del-curso-de-catequesis-2018-19\/"},"modified":"2018-10-02T01:16:26","modified_gmt":"2018-10-01T23:16:26","slug":"inicio-del-curso-de-catequesis-2018-19","status":"publish","type":"post","link":"https:\/\/smaria.salou.arqtgn.cat\/es\/inicio-del-curso-de-catequesis-2018-19\/","title":{"rendered":"Inicio del curso de catequesis 2018\/19"},"content":{"rendered":"<p style=\"text-align: justify\"><a href=\"http:\/\/salou2.wp.arqtgn.cat\/wp-content\/uploads\/sites\/10\/2018\/11\/20180925_173955-001.jpg\"><img loading=\"lazy\" decoding=\"async\" class=\"aligncenter wp-image-7973 size-full\" src=\"http:\/\/salou2.wp.arqtgn.cat\/wp-content\/uploads\/sites\/10\/2018\/11\/20180925_173955-001.jpg\" alt=\"\" width=\"800\" height=\"450\" srcset=\"https:\/\/smaria.salou.arqtgn.cat\/wp-content\/uploads\/sites\/10\/2018\/11\/20180925_173955-001.jpg 800w, https:\/\/smaria.salou.arqtgn.cat\/wp-content\/uploads\/sites\/10\/2018\/11\/20180925_173955-001-300x169.jpg 300w, https:\/\/smaria.salou.arqtgn.cat\/wp-content\/uploads\/sites\/10\/2018\/11\/20180925_173955-001-768x432.jpg 768w\" sizes=\"auto, (max-width: 800px) 100vw, 800px\" \/><\/a><\/p>\n<p>Un a\u00f1o m\u00e1s con ilusi\u00f3n renovada, hemos iniciado el curso de catequesis de preparaci\u00f3n para recibir el Sacramento de la Primera Comuni\u00f3n, el segundo de los sacramentos de la iniciaci\u00f3n a la vida cristiana que ofrecemos a los ni\u00f1os.<\/p>\n<p style=\"text-align: justify\">Mos\u00e9n Josep M. y el equipo de catequistas recib\u00edan el martes 25 de septiembre en la iglesia parroquial a los padres y ni\u00f1os con ilusi\u00f3n y entusiasmo. Los 83 ni\u00f1os y ni\u00f1as reanudaban su catequesis interrumpida por el verano y que a lo largo de este nuevo curso les servir\u00e1 para afianzarse en el conocimiento de lo que significa ser cristiano y poder participar en la Eucarist\u00eda recibiendo el Cuerpo de Jes\u00fas, como lo har\u00e1n por primera vez en el mes de mayo del 2019.<\/p>\n<p style=\"text-align: justify\"><a href=\"http:\/\/salou2.wp.arqtgn.cat\/wp-content\/uploads\/sites\/10\/2018\/11\/20180925_174034-001.jpg\"><img loading=\"lazy\" decoding=\"async\" class=\"aligncenter size-full wp-image-7974\" src=\"http:\/\/salou2.wp.arqtgn.cat\/wp-content\/uploads\/sites\/10\/2018\/11\/20180925_174034-001.jpg\" alt=\"\" width=\"800\" height=\"450\" srcset=\"https:\/\/smaria.salou.arqtgn.cat\/wp-content\/uploads\/sites\/10\/2018\/11\/20180925_174034-001.jpg 800w, https:\/\/smaria.salou.arqtgn.cat\/wp-content\/uploads\/sites\/10\/2018\/11\/20180925_174034-001-300x169.jpg 300w, https:\/\/smaria.salou.arqtgn.cat\/wp-content\/uploads\/sites\/10\/2018\/11\/20180925_174034-001-768x432.jpg 768w\" sizes=\"auto, (max-width: 800px) 100vw, 800px\" \/><\/a><br \/>\nTras la bienvenida y una din\u00e1mica en la que los ni\u00f1os y ni\u00f1as renovaron su compromiso de seguir en su formaci\u00f3n catequ\u00e9tica, estos pasaron ya las aulas para realizar la primera sesi\u00f3n. Mn. Josep M. expuso a los padres los objetivos y las metodolog\u00edas para este nuevo curso as\u00ed como la implicaci\u00f3n de los padres en esta hermosa tarea de formar a sus hijos en la vida cristiana.<\/p>\n<p style=\"text-align: justify\">Del mismo modo, el jueves 27 de septiembre, 65 ni\u00f1os y ni\u00f1as acompa\u00f1ados tambi\u00e9n de sus padres, irrump\u00edan en la iglesia parroquial, unos con alegr\u00eda y otros un pocos desconcertados, porque no conoc\u00edan la iglesia, pues era la primera vez que pon\u00edan el pie en ella.<\/p>\n<p style=\"text-align: justify\">Una vez aposentados padres y ni\u00f1os en los bancos, Mn. Josep M. en nombre de la comunidad parroquial y catequistas presentes, les dio la bienvenida y los anim\u00f3 a empezar con entusiasmo esa nueva experiencia de descubrimiento de Jes\u00fas. A su turno a los padres les pidi\u00f3 implicaci\u00f3n y compromiso en esta primera etapa en la formaci\u00f3n de la iniciaci\u00f3n en la vida cristina que concluir\u00e1 en dos a\u00f1os con el sacramento de la comuni\u00f3n y reconciliaci\u00f3n y luego con el de la confirmaci\u00f3n.<\/p>\n<p style=\"text-align: justify\"><a href=\"http:\/\/salou2.wp.arqtgn.cat\/wp-content\/uploads\/sites\/10\/2018\/11\/20180927_173310-001.jpg\"><img loading=\"lazy\" decoding=\"async\" class=\"aligncenter size-full wp-image-7975\" src=\"http:\/\/salou2.wp.arqtgn.cat\/wp-content\/uploads\/sites\/10\/2018\/11\/20180927_173310-001.jpg\" alt=\"\" width=\"800\" height=\"450\" srcset=\"https:\/\/smaria.salou.arqtgn.cat\/wp-content\/uploads\/sites\/10\/2018\/11\/20180927_173310-001.jpg 800w, https:\/\/smaria.salou.arqtgn.cat\/wp-content\/uploads\/sites\/10\/2018\/11\/20180927_173310-001-300x169.jpg 300w, https:\/\/smaria.salou.arqtgn.cat\/wp-content\/uploads\/sites\/10\/2018\/11\/20180927_173310-001-768x432.jpg 768w\" sizes=\"auto, (max-width: 800px) 100vw, 800px\" \/><\/a><br \/>\nActo seguido, Mn. Josep M. fue presentando a los catequistas y a los ni\u00f1os y ni\u00f1as asignados, entreg\u00e1ndoles el cuaderno de trabajo. A los padres simult\u00e1neamente, se les entregaba el catecismo c\u00f3mo signo de su compromiso de acompa\u00f1ar en familia el proceso catequ\u00e9tico que sus hijo recibir\u00e1n en la parroquia. A continuaci\u00f3n pasaron a las aulas hacer la primera sesi\u00f3n de presentaci\u00f3n en el grupo.<\/p>\n<p style=\"text-align: justify\">Los padres y madres quedaron en el templo, donde el mos\u00e9n les dio las primera pautas de lo que a lo largo de estos dos a\u00f1os se tratar\u00e1 y los objetivos en los que todos han de colaborar. Al final los padres pasaron a ver el espacio de las aulas d\u00f3nde recogieron a sus hijos.<\/p>\n","protected":false},"excerpt":{"rendered":"<p>Un a\u00f1o m\u00e1s con ilusi\u00f3n renovada, hemos iniciado el curso de catequesis de preparaci\u00f3n para recibir el Sacramento de la Primera Comuni\u00f3n, el segundo de los sacramentos de la iniciaci\u00f3n a la vida cristiana que ofrecemos a los ni\u00f1os. Mos\u00e9n Josep M. y el equipo de catequistas recib\u00edan el martes 25 de septiembre en la &hellip; <\/p>\n<p><a class=\"more-link btn\" href=\"https:\/\/smaria.salou.arqtgn.cat\/es\/inicio-del-curso-de-catequesis-2018-19\/\">Seguir leyendo<\/a><\/p>\n","protected":false},"author":11,"featured_media":0,"comment_status":"closed","ping_status":"closed","sticky":false,"template":"","format":"standard","meta":{"footnotes":""},"categories":[50],"tags":[],"class_list":["post-10258","post","type-post","status-publish","format-standard","hentry","category-catequesis","item-wrap"],"amp_enabled":true,"_links":{"self":[{"href":"https:\/\/smaria.salou.arqtgn.cat\/es\/wp-json\/wp\/v2\/posts\/10258","targetHints":{"allow":["GET"]}}],"collection":[{"href":"https:\/\/smaria.salou.arqtgn.cat\/es\/wp-json\/wp\/v2\/posts"}],"about":[{"href":"https:\/\/smaria.salou.arqtgn.cat\/es\/wp-json\/wp\/v2\/types\/post"}],"author":[{"embeddable":true,"href":"https:\/\/smaria.salou.arqtgn.cat\/es\/wp-json\/wp\/v2\/users\/11"}],"replies":[{"embeddable":true,"href":"https:\/\/smaria.salou.arqtgn.cat\/es\/wp-json\/wp\/v2\/comments?post=10258"}],"version-history":[{"count":0,"href":"https:\/\/smaria.salou.arqtgn.cat\/es\/wp-json\/wp\/v2\/posts\/10258\/revisions"}],"wp:attachment":[{"href":"https:\/\/smaria.salou.arqtgn.cat\/es\/wp-json\/wp\/v2\/media?parent=10258"}],"wp:term":[{"taxonomy":"category","embeddable":true,"href":"https:\/\/smaria.salou.arqtgn.cat\/es\/wp-json\/wp\/v2\/categories?post=10258"},{"taxonomy":"post_tag","embeddable":true,"href":"https:\/\/smaria.salou.arqtgn.cat\/es\/wp-json\/wp\/v2\/tags?post=10258"}],"curies":[{"name":"wp","href":"https:\/\/api.w.org\/{rel}","templated":true}]}}